{"id":6657,"date":"2026-04-30T10:54:00","date_gmt":"2026-04-30T10:54:00","guid":{"rendered":"https:\/\/logopaed.cz\/home\/?p=6657"},"modified":"2026-04-30T10:54:01","modified_gmt":"2026-04-30T10:54:01","slug":"akce-v-mesici-kvetnu-3","status":"publish","type":"post","link":"https:\/\/logopaed.cz\/home\/obecne\/materska-skola-mosnerova\/akce-v-mesici-kvetnu-3\/","title":{"rendered":"Akce v m\u011bs\u00edci kv\u011btnu"},"content":{"rendered":"\n<figure class=\"wp-block-image size-large\"><img decoding=\"async\" loading=\"lazy\" width=\"819\" height=\"1024\" src=\"https:\/\/logopaed.cz\/wp-content\/uploads\/2026\/04\/Akce-v-kvetnu-819x1024.jpg\" alt=\"\" class=\"wp-image-6658\" srcset=\"https:\/\/logopaed.cz\/wp-content\/uploads\/2026\/04\/Akce-v-kvetnu-819x1024.jpg 819w, https:\/\/logopaed.cz\/wp-content\/uploads\/2026\/04\/Akce-v-kvetnu-240x300.jpg 240w, https:\/\/logopaed.cz\/wp-content\/uploads\/2026\/04\/Akce-v-kvetnu-768x960.jpg 768w, https:\/\/logopaed.cz\/wp-content\/uploads\/2026\/04\/Akce-v-kvetnu.jpg 1080w\" sizes=\"(max-width: 819px) 100vw, 819px\" \/><\/figure>\n<div class=\"gsp_post_data\" data-post_type=\"post\" data-cat=\"materska-skola-mosnerova\" data-modified=\"120\" data-title=\"Akce v m\u011bs\u00edci kv\u011btnu\" data-home=\"https:\/\/logopaed.cz\/home\"><\/div>","protected":false},"excerpt":{"rendered":"","protected":false},"author":17,"featured_media":6659,"comment_status":"closed","ping_status":"closed","sticky":false,"template":"","format":"standard","meta":[],"categories":[8],"tags":[],"post_folder":[],"blog_post_layout_featured_media_urls":{"thumbnail":["https:\/\/logopaed.cz\/wp-content\/uploads\/2026\/04\/89303-4_jaro-shutterstock-163347836-150x150.jpg",150,150,true],"full":["https:\/\/logopaed.cz\/wp-content\/uploads\/2026\/04\/89303-4_jaro-shutterstock-163347836.jpg",1946,1406,false]},"categories_names":{"8":{"name":"Mate\u0159sk\u00e1 \u0161kola Mo\u0161nerova","link":"https:\/\/logopaed.cz\/home\/category\/obecne\/materska-skola-mosnerova\/"}},"tags_names":[],"comments_number":0,"_links":{"self":[{"href":"https:\/\/logopaed.cz\/home\/wp-json\/wp\/v2\/posts\/6657"}],"collection":[{"href":"https:\/\/logopaed.cz\/home\/wp-json\/wp\/v2\/posts"}],"about":[{"href":"https:\/\/logopaed.cz\/home\/wp-json\/wp\/v2\/types\/post"}],"author":[{"embeddable":true,"href":"https:\/\/logopaed.cz\/home\/wp-json\/wp\/v2\/users\/17"}],"replies":[{"embeddable":true,"href":"https:\/\/logopaed.cz\/home\/wp-json\/wp\/v2\/comments?post=6657"}],"version-history":[{"count":2,"href":"https:\/\/logopaed.cz\/home\/wp-json\/wp\/v2\/posts\/6657\/revisions"}],"predecessor-version":[{"id":6662,"href":"https:\/\/logopaed.cz\/home\/wp-json\/wp\/v2\/posts\/6657\/revisions\/6662"}],"wp:featuredmedia":[{"embeddable":true,"href":"https:\/\/logopaed.cz\/home\/wp-json\/wp\/v2\/media\/6659"}],"wp:attachment":[{"href":"https:\/\/logopaed.cz\/home\/wp-json\/wp\/v2\/media?parent=6657"}],"wp:term":[{"taxonomy":"category","embeddable":true,"href":"https:\/\/logopaed.cz\/home\/wp-json\/wp\/v2\/categories?post=6657"},{"taxonomy":"post_tag","embeddable":true,"href":"https:\/\/logopaed.cz\/home\/wp-json\/wp\/v2\/tags?post=6657"},{"taxonomy":"post_folder","embeddable":true,"href":"https:\/\/logopaed.cz\/home\/wp-json\/wp\/v2\/post_folder?post=6657"}],"curies":[{"name":"wp","href":"https:\/\/api.w.org\/{rel}","templated":true}]}}