{"id":6635,"date":"2026-04-27T08:22:28","date_gmt":"2026-04-27T08:22:28","guid":{"rendered":"https:\/\/logopaed.cz\/home\/?p=6635"},"modified":"2026-04-27T08:22:28","modified_gmt":"2026-04-27T08:22:28","slug":"den-otevrenych-dveri-2","status":"publish","type":"post","link":"https:\/\/logopaed.cz\/home\/obecne\/zs-logopedicka\/den-otevrenych-dveri-2\/","title":{"rendered":"Den otev\u0159en\u00fdch dve\u0159\u00ed"},"content":{"rendered":"\n<p>\u010dtvrtek 7. kv\u011btna 2026<\/p>\n\n\n\n<figure class=\"wp-block-image size-large\"><img decoding=\"async\" loading=\"lazy\" width=\"1024\" height=\"724\" src=\"https:\/\/logopaed.cz\/wp-content\/uploads\/2026\/04\/Den-otevrenych-dveri-pozvanka-1024x724.jpeg\" alt=\"\" class=\"wp-image-6636\" srcset=\"https:\/\/logopaed.cz\/wp-content\/uploads\/2026\/04\/Den-otevrenych-dveri-pozvanka-1024x724.jpeg 1024w, https:\/\/logopaed.cz\/wp-content\/uploads\/2026\/04\/Den-otevrenych-dveri-pozvanka-300x212.jpeg 300w, https:\/\/logopaed.cz\/wp-content\/uploads\/2026\/04\/Den-otevrenych-dveri-pozvanka-768x543.jpeg 768w, https:\/\/logopaed.cz\/wp-content\/uploads\/2026\/04\/Den-otevrenych-dveri-pozvanka-1536x1086.jpeg 1536w, https:\/\/logopaed.cz\/wp-content\/uploads\/2026\/04\/Den-otevrenych-dveri-pozvanka-2048x1448.jpeg 2048w\" sizes=\"(max-width: 1024px) 100vw, 1024px\" \/><\/figure>\n<div class=\"gsp_post_data\" data-post_type=\"post\" data-cat=\"zs-logopedicka,skolni-druzina,internat\" data-modified=\"120\" data-title=\"Den otev\u0159en\u00fdch dve\u0159\u00ed\" data-home=\"https:\/\/logopaed.cz\/home\"><\/div>","protected":false},"excerpt":{"rendered":"<p>\u010dtvrtek 7. kv\u011btna 2026<\/p>\n","protected":false},"author":6,"featured_media":6637,"comment_status":"closed","ping_status":"closed","sticky":false,"template":"","format":"standard","meta":[],"categories":[5,43,44],"tags":[],"post_folder":[],"blog_post_layout_featured_media_urls":{"thumbnail":["https:\/\/logopaed.cz\/wp-content\/uploads\/2026\/04\/images-150x150.jpg",150,150,true],"full":["https:\/\/logopaed.cz\/wp-content\/uploads\/2026\/04\/images.jpg",227,222,false]},"categories_names":{"5":{"name":"Z\u00e1kladn\u00ed \u0161kola logopedick\u00e1","link":"https:\/\/logopaed.cz\/home\/category\/obecne\/zs-logopedicka\/"},"43":{"name":"\u0160koln\u00ed dru\u017eina","link":"https:\/\/logopaed.cz\/home\/category\/obecne\/skolni-druzina\/"},"44":{"name":"Intern\u00e1t","link":"https:\/\/logopaed.cz\/home\/category\/obecne\/internat\/"}},"tags_names":[],"comments_number":0,"_links":{"self":[{"href":"https:\/\/logopaed.cz\/home\/wp-json\/wp\/v2\/posts\/6635"}],"collection":[{"href":"https:\/\/logopaed.cz\/home\/wp-json\/wp\/v2\/posts"}],"about":[{"href":"https:\/\/logopaed.cz\/home\/wp-json\/wp\/v2\/types\/post"}],"author":[{"embeddable":true,"href":"https:\/\/logopaed.cz\/home\/wp-json\/wp\/v2\/users\/6"}],"replies":[{"embeddable":true,"href":"https:\/\/logopaed.cz\/home\/wp-json\/wp\/v2\/comments?post=6635"}],"version-history":[{"count":1,"href":"https:\/\/logopaed.cz\/home\/wp-json\/wp\/v2\/posts\/6635\/revisions"}],"predecessor-version":[{"id":6638,"href":"https:\/\/logopaed.cz\/home\/wp-json\/wp\/v2\/posts\/6635\/revisions\/6638"}],"wp:featuredmedia":[{"embeddable":true,"href":"https:\/\/logopaed.cz\/home\/wp-json\/wp\/v2\/media\/6637"}],"wp:attachment":[{"href":"https:\/\/logopaed.cz\/home\/wp-json\/wp\/v2\/media?parent=6635"}],"wp:term":[{"taxonomy":"category","embeddable":true,"href":"https:\/\/logopaed.cz\/home\/wp-json\/wp\/v2\/categories?post=6635"},{"taxonomy":"post_tag","embeddable":true,"href":"https:\/\/logopaed.cz\/home\/wp-json\/wp\/v2\/tags?post=6635"},{"taxonomy":"post_folder","embeddable":true,"href":"https:\/\/logopaed.cz\/home\/wp-json\/wp\/v2\/post_folder?post=6635"}],"curies":[{"name":"wp","href":"https:\/\/api.w.org\/{rel}","templated":true}]}}