{"id":6041,"date":"2025-12-17T06:20:02","date_gmt":"2025-12-17T06:20:02","guid":{"rendered":"https:\/\/logopaed.cz\/home\/?p=6041"},"modified":"2025-12-17T06:28:20","modified_gmt":"2025-12-17T06:28:20","slug":"vanoce-5","status":"publish","type":"post","link":"https:\/\/logopaed.cz\/home\/obecne\/zs-logopedicka\/vanoce-5\/","title":{"rendered":"V\u00e1noce"},"content":{"rendered":"\n<p>Od 22. 12. 2025 do 2. 1. 2026 budou m\u00edt d\u011bti i \u017e\u00e1ci na\u0161\u00ed M\u0160L, M\u0160M a Z\u0160 logopedick\u00e9 v\u00e1no\u010dn\u00ed pr\u00e1zdniny. Op\u011bt se na n\u011b budeme t\u011b\u0161it v pond\u011bl\u00ed 5. 1. 2026, na intern\u00e1tn\u00ed \u017e\u00e1ky ji\u017e v ned\u011bli 4. 1. 2026.<\/p>\n\n\n\n<figure class=\"wp-block-image size-large\"><img decoding=\"async\" loading=\"lazy\" width=\"1024\" height=\"486\" src=\"https:\/\/logopaed.cz\/wp-content\/uploads\/2025\/12\/PF-2026-andel-1024x486.jpg\" alt=\"\" class=\"wp-image-6042\" srcset=\"https:\/\/logopaed.cz\/wp-content\/uploads\/2025\/12\/PF-2026-andel-1024x486.jpg 1024w, https:\/\/logopaed.cz\/wp-content\/uploads\/2025\/12\/PF-2026-andel-300x142.jpg 300w, https:\/\/logopaed.cz\/wp-content\/uploads\/2025\/12\/PF-2026-andel-768x365.jpg 768w, https:\/\/logopaed.cz\/wp-content\/uploads\/2025\/12\/PF-2026-andel-1536x729.jpg 1536w, https:\/\/logopaed.cz\/wp-content\/uploads\/2025\/12\/PF-2026-andel.jpg 1588w\" sizes=\"(max-width: 1024px) 100vw, 1024px\" \/><\/figure>\n<div class=\"gsp_post_data\" data-post_type=\"post\" data-cat=\"zs-logopedicka,ms-logopedicka,materska-skola-mosnerova,skolni-druzina,internat\" data-modified=\"120\" data-title=\"V\u00e1noce\" data-home=\"https:\/\/logopaed.cz\/home\"><\/div>","protected":false},"excerpt":{"rendered":"<p>Od 22. 12. 2025 do 2. 1. 2026 budou m\u00edt d\u011bti i \u017e\u00e1ci na\u0161\u00ed M\u0160L, M\u0160M a Z\u0160 logopedick\u00e9 v\u00e1no\u010dn\u00ed pr\u00e1zdniny. Op\u011bt se na n\u011b budeme t\u011b\u0161it v pond\u011bl\u00ed 5. 1. 2026, na intern\u00e1tn\u00ed \u017e\u00e1ky ji\u017e v ned\u011bli 4. 1. 2026.<\/p>\n","protected":false},"author":6,"featured_media":6046,"comment_status":"closed","ping_status":"closed","sticky":false,"template":"","format":"standard","meta":[],"categories":[5,6,8,43,44],"tags":[],"post_folder":[],"blog_post_layout_featured_media_urls":{"thumbnail":["https:\/\/logopaed.cz\/wp-content\/uploads\/2025\/12\/IMG_20241211_130948-150x150.jpg",150,150,true],"full":["https:\/\/logopaed.cz\/wp-content\/uploads\/2025\/12\/IMG_20241211_130948-scaled.jpg",2560,1920,false]},"categories_names":{"5":{"name":"Z\u00e1kladn\u00ed \u0161kola logopedick\u00e1","link":"https:\/\/logopaed.cz\/home\/category\/obecne\/zs-logopedicka\/"},"6":{"name":"Mate\u0159sk\u00e1 \u0161kola logopedick\u00e1","link":"https:\/\/logopaed.cz\/home\/category\/obecne\/ms-logopedicka\/"},"8":{"name":"Mate\u0159sk\u00e1 \u0161kola Mo\u0161nerova","link":"https:\/\/logopaed.cz\/home\/category\/obecne\/materska-skola-mosnerova\/"},"43":{"name":"\u0160koln\u00ed dru\u017eina","link":"https:\/\/logopaed.cz\/home\/category\/obecne\/skolni-druzina\/"},"44":{"name":"Intern\u00e1t","link":"https:\/\/logopaed.cz\/home\/category\/obecne\/internat\/"}},"tags_names":[],"comments_number":0,"_links":{"self":[{"href":"https:\/\/logopaed.cz\/home\/wp-json\/wp\/v2\/posts\/6041"}],"collection":[{"href":"https:\/\/logopaed.cz\/home\/wp-json\/wp\/v2\/posts"}],"about":[{"href":"https:\/\/logopaed.cz\/home\/wp-json\/wp\/v2\/types\/post"}],"author":[{"embeddable":true,"href":"https:\/\/logopaed.cz\/home\/wp-json\/wp\/v2\/users\/6"}],"replies":[{"embeddable":true,"href":"https:\/\/logopaed.cz\/home\/wp-json\/wp\/v2\/comments?post=6041"}],"version-history":[{"count":1,"href":"https:\/\/logopaed.cz\/home\/wp-json\/wp\/v2\/posts\/6041\/revisions"}],"predecessor-version":[{"id":6044,"href":"https:\/\/logopaed.cz\/home\/wp-json\/wp\/v2\/posts\/6041\/revisions\/6044"}],"wp:featuredmedia":[{"embeddable":true,"href":"https:\/\/logopaed.cz\/home\/wp-json\/wp\/v2\/media\/6046"}],"wp:attachment":[{"href":"https:\/\/logopaed.cz\/home\/wp-json\/wp\/v2\/media?parent=6041"}],"wp:term":[{"taxonomy":"category","embeddable":true,"href":"https:\/\/logopaed.cz\/home\/wp-json\/wp\/v2\/categories?post=6041"},{"taxonomy":"post_tag","embeddable":true,"href":"https:\/\/logopaed.cz\/home\/wp-json\/wp\/v2\/tags?post=6041"},{"taxonomy":"post_folder","embeddable":true,"href":"https:\/\/logopaed.cz\/home\/wp-json\/wp\/v2\/post_folder?post=6041"}],"curies":[{"name":"wp","href":"https:\/\/api.w.org\/{rel}","templated":true}]}}