{"id":5995,"date":"2025-12-08T07:23:33","date_gmt":"2025-12-08T07:23:33","guid":{"rendered":"https:\/\/logopaed.cz\/home\/?p=5995"},"modified":"2025-12-08T09:06:25","modified_gmt":"2025-12-08T09:06:25","slug":"zaci-navstivili-ss-grafiky-a-medii-v-olomouci","status":"publish","type":"post","link":"https:\/\/logopaed.cz\/home\/obecne\/zs-logopedicka\/zaci-navstivili-ss-grafiky-a-medii-v-olomouci\/","title":{"rendered":"\u017d\u00e1ci nav\u0161t\u00edvili S\u0160 grafiky a m\u00e9di\u00ed v Olomouci"},"content":{"rendered":"\n<p>Na\u0161i \u017e\u00e1ci absolvovali zaj\u00edmavou a podn\u011btnou exkurzi na St\u0159edn\u00ed \u0161kolu grafiky a m\u00e9di\u00ed v Olomouci. B\u011bhem n\u00e1v\u0161t\u011bvy m\u011bli mo\u017enost nahl\u00e9dnout do sv\u011bta polygrafie, fotografie a grafick\u00fdch obor\u016f, kter\u00e9 \u0161kola nab\u00edz\u00ed.<\/p>\n\n\n\n<p>V modern\u011b vybaven\u00e9m fotoateli\u00e9ru si \u017e\u00e1ci vyzkou\u0161eli roli fotografa \u2013 pracovali s profesion\u00e1ln\u00ed sv\u011btelnou technikou, fotoapar\u00e1ty a nau\u010dili se z\u00e1kladn\u00ed postupy p\u0159i po\u0159izov\u00e1n\u00ed fotografi\u00ed. N\u00e1sledn\u011b se p\u0159esunuli do tisk\u00e1rny, kde si&nbsp;vyrobili vlastn\u00ed se\u0161it, kter\u00fd si mohli na z\u00e1v\u011br odn\u00e9st dom\u016f. Exkurze byla pro v\u0161echny velmi p\u0159\u00ednosn\u00e1 a \u017e\u00e1ky velmi bavila.<\/p>\n\n\n\n<figure class=\"wp-block-gallery has-nested-images columns-default is-cropped wp-block-gallery-1 is-layout-flex\">\n<figure class=\"wp-block-image size-large\"><img decoding=\"async\" loading=\"lazy\" width=\"768\" height=\"1024\" data-id=\"5997\"  src=\"https:\/\/logopaed.cz\/wp-content\/uploads\/2025\/12\/IMG-20251202-WA0005-768x1024.jpg\" alt=\"\" class=\"wp-image-5997\" srcset=\"https:\/\/logopaed.cz\/wp-content\/uploads\/2025\/12\/IMG-20251202-WA0005-768x1024.jpg 768w, https:\/\/logopaed.cz\/wp-content\/uploads\/2025\/12\/IMG-20251202-WA0005-225x300.jpg 225w, https:\/\/logopaed.cz\/wp-content\/uploads\/2025\/12\/IMG-20251202-WA0005-1152x1536.jpg 1152w, https:\/\/logopaed.cz\/wp-content\/uploads\/2025\/12\/IMG-20251202-WA0005.jpg 1530w\" sizes=\"(max-width: 768px) 100vw, 768px\" \/><\/figure>\n\n\n\n<figure class=\"wp-block-image size-large\"><img decoding=\"async\" loading=\"lazy\" width=\"768\" height=\"1024\" data-id=\"5998\"  src=\"https:\/\/logopaed.cz\/wp-content\/uploads\/2025\/12\/IMG-20251202-WA0008-768x1024.jpg\" alt=\"\" class=\"wp-image-5998\" srcset=\"https:\/\/logopaed.cz\/wp-content\/uploads\/2025\/12\/IMG-20251202-WA0008-768x1024.jpg 768w, https:\/\/logopaed.cz\/wp-content\/uploads\/2025\/12\/IMG-20251202-WA0008-225x300.jpg 225w, https:\/\/logopaed.cz\/wp-content\/uploads\/2025\/12\/IMG-20251202-WA0008-1152x1536.jpg 1152w, https:\/\/logopaed.cz\/wp-content\/uploads\/2025\/12\/IMG-20251202-WA0008.jpg 1530w\" sizes=\"(max-width: 768px) 100vw, 768px\" \/><\/figure>\n\n\n\n<figure class=\"wp-block-image size-large\"><img decoding=\"async\" loading=\"lazy\" width=\"768\" height=\"1024\" data-id=\"5999\"  src=\"https:\/\/logopaed.cz\/wp-content\/uploads\/2025\/12\/IMG-20251202-WA0004-768x1024.jpg\" alt=\"\" class=\"wp-image-5999\" srcset=\"https:\/\/logopaed.cz\/wp-content\/uploads\/2025\/12\/IMG-20251202-WA0004-768x1024.jpg 768w, https:\/\/logopaed.cz\/wp-content\/uploads\/2025\/12\/IMG-20251202-WA0004-225x300.jpg 225w, https:\/\/logopaed.cz\/wp-content\/uploads\/2025\/12\/IMG-20251202-WA0004-1152x1536.jpg 1152w, https:\/\/logopaed.cz\/wp-content\/uploads\/2025\/12\/IMG-20251202-WA0004.jpg 1530w\" sizes=\"(max-width: 768px) 100vw, 768px\" \/><\/figure>\n<\/figure>\n<div class=\"gsp_post_data\" data-post_type=\"post\" data-cat=\"zs-logopedicka\" data-modified=\"120\" data-title=\"\u017d\u00e1ci nav\u0161t\u00edvili S\u0160 grafiky a m\u00e9di\u00ed v Olomouci\" data-home=\"https:\/\/logopaed.cz\/home\"><\/div>","protected":false},"excerpt":{"rendered":"<p>Na\u0161i \u017e\u00e1ci absolvovali zaj\u00edmavou a podn\u011btnou exkurzi na St\u0159edn\u00ed \u0161kolu grafiky a m\u00e9di\u00ed v Olomouci. B\u011bhem n\u00e1v\u0161t\u011bvy m\u011bli mo\u017enost nahl\u00e9dnout do sv\u011bta polygrafie, fotografie a grafick\u00fdch obor\u016f, kter\u00e9 \u0161kola nab\u00edz\u00ed. V modern\u011b vybaven\u00e9m fotoateli\u00e9ru si \u017e\u00e1ci vyzkou\u0161eli roli fotografa \u2013 pracovali s profesion\u00e1ln\u00ed sv\u011btelnou technikou, fotoapar\u00e1ty a nau\u010dili se z\u00e1kladn\u00ed postupy p\u0159i po\u0159izov\u00e1n\u00ed fotografi\u00ed. N\u00e1sledn\u011b se p\u0159esunuli do tisk\u00e1rny, kde si&nbsp;vyrobili vlastn\u00ed se\u0161it, kter\u00fd si mohli na z\u00e1v\u011br odn\u00e9st dom\u016f. Exkurze byla pro v\u0161echny velmi p\u0159\u00ednosn\u00e1 a \u017e\u00e1ky velmi bavila.<\/p>\n","protected":false},"author":3,"featured_media":5996,"comment_status":"closed","ping_status":"closed","sticky":false,"template":"","format":"standard","meta":[],"categories":[5],"tags":[],"post_folder":[],"blog_post_layout_featured_media_urls":{"thumbnail":["https:\/\/logopaed.cz\/wp-content\/uploads\/2025\/12\/logo-150x150.png",150,150,true],"full":["https:\/\/logopaed.cz\/wp-content\/uploads\/2025\/12\/logo.png",456,342,false]},"categories_names":{"5":{"name":"Z\u00e1kladn\u00ed \u0161kola logopedick\u00e1","link":"https:\/\/logopaed.cz\/home\/category\/obecne\/zs-logopedicka\/"}},"tags_names":[],"comments_number":0,"_links":{"self":[{"href":"https:\/\/logopaed.cz\/home\/wp-json\/wp\/v2\/posts\/5995"}],"collection":[{"href":"https:\/\/logopaed.cz\/home\/wp-json\/wp\/v2\/posts"}],"about":[{"href":"https:\/\/logopaed.cz\/home\/wp-json\/wp\/v2\/types\/post"}],"author":[{"embeddable":true,"href":"https:\/\/logopaed.cz\/home\/wp-json\/wp\/v2\/users\/3"}],"replies":[{"embeddable":true,"href":"https:\/\/logopaed.cz\/home\/wp-json\/wp\/v2\/comments?post=5995"}],"version-history":[{"count":1,"href":"https:\/\/logopaed.cz\/home\/wp-json\/wp\/v2\/posts\/5995\/revisions"}],"predecessor-version":[{"id":6000,"href":"https:\/\/logopaed.cz\/home\/wp-json\/wp\/v2\/posts\/5995\/revisions\/6000"}],"wp:featuredmedia":[{"embeddable":true,"href":"https:\/\/logopaed.cz\/home\/wp-json\/wp\/v2\/media\/5996"}],"wp:attachment":[{"href":"https:\/\/logopaed.cz\/home\/wp-json\/wp\/v2\/media?parent=5995"}],"wp:term":[{"taxonomy":"category","embeddable":true,"href":"https:\/\/logopaed.cz\/home\/wp-json\/wp\/v2\/categories?post=5995"},{"taxonomy":"post_tag","embeddable":true,"href":"https:\/\/logopaed.cz\/home\/wp-json\/wp\/v2\/tags?post=5995"},{"taxonomy":"post_folder","embeddable":true,"href":"https:\/\/logopaed.cz\/home\/wp-json\/wp\/v2\/post_folder?post=5995"}],"curies":[{"name":"wp","href":"https:\/\/api.w.org\/{rel}","templated":true}]}}