{"id":5963,"date":"2025-11-28T07:50:05","date_gmt":"2025-11-28T07:50:05","guid":{"rendered":"https:\/\/logopaed.cz\/home\/?p=5963"},"modified":"2025-11-28T07:50:06","modified_gmt":"2025-11-28T07:50:06","slug":"zapisy-a-odklad-skolni-dochazky-do-zs-2026","status":"publish","type":"post","link":"https:\/\/logopaed.cz\/home\/obecne\/materska-skola-mosnerova\/zapisy-a-odklad-skolni-dochazky-do-zs-2026\/","title":{"rendered":"Z\u00e1pisy a odklad \u0161koln\u00ed doch\u00e1zky do Z\u0160 2026."},"content":{"rendered":"\n<p>P\u0158EHLED ZM\u011aN<\/p>\n\n\n\n<p>Z\u00e1pisy do prvn\u00edch t\u0159\u00edd se od nov\u00e9ho roku 2026 nov\u011b uskute\u010dn\u00ed v rozmez\u00ed od 15. ledna do 15. \u00fanora. P\u0159ihl\u00e1sit d\u00edt\u011b <br>k z\u00e1pisu mus\u00ed rodi\u010de sami, doporu\u010dujeme ne\u010dekat a\u017e na leden a za\u010d\u00edt hledat informace o \u0161kole d\u0159\u00edve.<\/p>\n\n\n\n<p>KA\u017dD\u00c1 \u0160KOLA SI KONKR\u00c9TN\u00cd TERM\u00cdN Z\u00c1PISU UR\u010cUJE SAMA po dohod\u011b se z\u0159izovatelem. SLEDUJTE TEDY WEBOV\u00c9 STR\u00c1NKY \u0160KOL A P\u0158IHLASTE SE K Z\u00c1PISU V\u010cAS.<\/p>\n\n\n\n<p><\/p>\n\n\n\n<p>Odklad \u0161koln\u00ed doch\u00e1zky<\/p>\n\n\n\n<p>Pro \u0161koln\u00ed rok 2026\/2027 je z\u00e1pis do 1. ro\u010dn\u00edk\u016f z\u00e1kladn\u00edch \u0161kol ur\u010den pro d\u011bti, kter\u00e9 do 31. 8. 2026 dos\u00e1hnou \u0161est\u00e9ho roku v\u011bku a pro d\u011bti s JI\u017d UD\u011aLEN\u00ddM ODKLADEM \u0160KOLN\u00cd DOCH\u00c1ZKY.<\/p>\n\n\n\n<p>ODKLAD JE MO\u017dN\u00dd pouze na z\u00e1klad\u011b souhlasu \u0161kolsk\u00e9ho poradensk\u00e9ho centra a z\u00e1rove\u0148 doporu\u010den\u00ed odborn\u00e9ho l\u00e9ka\u0159e (nap\u0159. d\u011btsk\u00fd psycholog, neurolog&#8230;). PRAKTICK\u00dd L\u00c9KA\u0158 PRO D\u011aTI A DOROST NOV\u011a NEBUDE MOCI DOPORU\u010cEN\u00cd ODKLADU VYD\u00c1VAT.<\/p>\n\n\n\n<p>odklad bude mo\u017en\u00fd jen v p\u0159\u00edpadech, kdy m\u00e1 d\u00edt\u011b dlouhodob\u00e9 zdravotn\u00ed znev\u00fdhodn\u011bn\u00ed nebo se mu n\u00e1hle zhor\u0161il zdravotn\u00ed stav.<\/p>\n\n\n\n<p>CO S SEBOU K Z\u00c1PISU DO 1.T\u0158\u00cdDY?<\/p>\n\n\n\n<ol>\n<li>\u017d\u00e1dost o p\u0159ijet\u00ed k z\u00e1kladn\u00edmu vzd\u011bl\u00e1v\u00e1n\u00ed . (formul\u00e1\u0159 v\u011bt\u0161inou naleznete na webu v\u00e1mi vybran\u00e9 \u0161koly). Po jej\u00edm odevzd\u00e1n\u00ed sledujte vyps\u00e1n\u00ed term\u00ednu z\u00e1pisu ve v\u00e1mi zvolen\u00e9 \u0161kole.<\/li>\n<\/ol>\n\n\n\n<p>2. Rodn\u00fd list d\u00edt\u011bte, ob\u010dansk\u00fd pr\u016fkaz z\u00e1konn\u00e9ho z\u00e1stupce (u cizinc\u016f cestovn\u00ed  pas).<\/p>\n\n\n\n<p>3. Cestovn\u00ed pas d\u00edt\u011bte, pokud ono samo je cizinec.<\/p>\n<div class=\"gsp_post_data\" data-post_type=\"post\" data-cat=\"materska-skola-mosnerova\" data-modified=\"120\" data-title=\"Z\u00e1pisy a odklad \u0161koln\u00ed doch\u00e1zky do Z\u0160 2026.\" data-home=\"https:\/\/logopaed.cz\/home\"><\/div>","protected":false},"excerpt":{"rendered":"<p>P\u0158EHLED ZM\u011aN Z\u00e1pisy do prvn\u00edch t\u0159\u00edd se od nov\u00e9ho roku 2026 nov\u011b uskute\u010dn\u00ed v rozmez\u00ed od 15. ledna do 15. \u00fanora. P\u0159ihl\u00e1sit d\u00edt\u011b k z\u00e1pisu mus\u00ed rodi\u010de sami, doporu\u010dujeme ne\u010dekat a\u017e na leden a za\u010d\u00edt hledat informace o \u0161kole d\u0159\u00edve. KA\u017dD\u00c1 \u0160KOLA SI KONKR\u00c9TN\u00cd TERM\u00cdN Z\u00c1PISU UR\u010cUJE SAMA po dohod\u011b se z\u0159izovatelem. SLEDUJTE TEDY WEBOV\u00c9 STR\u00c1NKY \u0160KOL A P\u0158IHLASTE SE K Z\u00c1PISU V\u010cAS. Odklad \u0161koln\u00ed doch\u00e1zky Pro \u0161koln\u00ed rok 2026\/2027 je z\u00e1pis do 1. ro\u010dn\u00edk\u016f z\u00e1kladn\u00edch \u0161kol ur\u010den pro d\u011bti, kter\u00e9 do 31. 8. 2026 [&hellip;]<\/p>\n","protected":false},"author":17,"featured_media":5966,"comment_status":"closed","ping_status":"closed","sticky":false,"template":"","format":"standard","meta":[],"categories":[8],"tags":[],"post_folder":[],"blog_post_layout_featured_media_urls":{"thumbnail":["https:\/\/logopaed.cz\/wp-content\/uploads\/2025\/11\/shutterstock_1039240234-scaled-1-150x150.jpg",150,150,true],"full":["https:\/\/logopaed.cz\/wp-content\/uploads\/2025\/11\/shutterstock_1039240234-scaled-1.jpg",2560,1943,false]},"categories_names":{"8":{"name":"Mate\u0159sk\u00e1 \u0161kola Mo\u0161nerova","link":"https:\/\/logopaed.cz\/home\/category\/obecne\/materska-skola-mosnerova\/"}},"tags_names":[],"comments_number":0,"_links":{"self":[{"href":"https:\/\/logopaed.cz\/home\/wp-json\/wp\/v2\/posts\/5963"}],"collection":[{"href":"https:\/\/logopaed.cz\/home\/wp-json\/wp\/v2\/posts"}],"about":[{"href":"https:\/\/logopaed.cz\/home\/wp-json\/wp\/v2\/types\/post"}],"author":[{"embeddable":true,"href":"https:\/\/logopaed.cz\/home\/wp-json\/wp\/v2\/users\/17"}],"replies":[{"embeddable":true,"href":"https:\/\/logopaed.cz\/home\/wp-json\/wp\/v2\/comments?post=5963"}],"version-history":[{"count":2,"href":"https:\/\/logopaed.cz\/home\/wp-json\/wp\/v2\/posts\/5963\/revisions"}],"predecessor-version":[{"id":5975,"href":"https:\/\/logopaed.cz\/home\/wp-json\/wp\/v2\/posts\/5963\/revisions\/5975"}],"wp:featuredmedia":[{"embeddable":true,"href":"https:\/\/logopaed.cz\/home\/wp-json\/wp\/v2\/media\/5966"}],"wp:attachment":[{"href":"https:\/\/logopaed.cz\/home\/wp-json\/wp\/v2\/media?parent=5963"}],"wp:term":[{"taxonomy":"category","embeddable":true,"href":"https:\/\/logopaed.cz\/home\/wp-json\/wp\/v2\/categories?post=5963"},{"taxonomy":"post_tag","embeddable":true,"href":"https:\/\/logopaed.cz\/home\/wp-json\/wp\/v2\/tags?post=5963"},{"taxonomy":"post_folder","embeddable":true,"href":"https:\/\/logopaed.cz\/home\/wp-json\/wp\/v2\/post_folder?post=5963"}],"curies":[{"name":"wp","href":"https:\/\/api.w.org\/{rel}","templated":true}]}}