{"id":5955,"date":"2025-11-19T18:56:58","date_gmt":"2025-11-19T18:56:58","guid":{"rendered":"https:\/\/logopaed.cz\/home\/?p=5955"},"modified":"2025-11-19T18:56:58","modified_gmt":"2025-11-19T18:56:58","slug":"odpoledne-prozite-v-globusu","status":"publish","type":"post","link":"https:\/\/logopaed.cz\/home\/slider\/odpoledne-prozite-v-globusu\/","title":{"rendered":"Odpoledne pro\u017eit\u00e9 v Globusu"},"content":{"rendered":"\n<p>\u017d\u00e1ci 9. ro\u010dn\u00edku absolvovali zaj\u00edmavou a podn\u011btnou exkurzi do provozoven peka\u0159stv\u00ed a \u0159eznictv\u00ed obchodn\u00edho \u0159et\u011bzce Globus. M\u011bli mo\u017enost nahl\u00e9dnout \u201epod pokli\u010dku\u201c p\u0159\u00edprav obl\u00edben\u00fdch cukr\u00e1\u0159sk\u00fdch v\u00fdrobk\u016f i masn\u00fdch specialit. Dozv\u011bd\u011bli se odpov\u011bdi na \u0159adu ot\u00e1zek t\u00fdkaj\u00edc\u00edch se v\u00fdroby potravin a na z\u00e1v\u011br si pochutnali na \u010derstv\u011b p\u0159ipraven\u00fdch produktech.<\/p>\n\n\n\n<p>Exkurze se d\u011btem velmi l\u00edbila a p\u0159ibl\u00ed\u017eila jim nejen rozmanitost, ale i n\u00e1ro\u010dnost pr\u00e1ce p\u0159i ka\u017edodenn\u00ed v\u00fdrob\u011b potravin.<\/p>\n\n\n\n<figure class=\"wp-block-gallery has-nested-images columns-default is-cropped wp-block-gallery-1 is-layout-flex\">\n<figure class=\"wp-block-image size-large\"><img decoding=\"async\" loading=\"lazy\" width=\"1024\" height=\"577\" data-id=\"5958\"  src=\"https:\/\/logopaed.cz\/wp-content\/uploads\/2025\/11\/20251118_131831-1024x577.jpg\" alt=\"\" class=\"wp-image-5958\" srcset=\"https:\/\/logopaed.cz\/wp-content\/uploads\/2025\/11\/20251118_131831-1024x577.jpg 1024w, https:\/\/logopaed.cz\/wp-content\/uploads\/2025\/11\/20251118_131831-300x169.jpg 300w, https:\/\/logopaed.cz\/wp-content\/uploads\/2025\/11\/20251118_131831-768x432.jpg 768w, https:\/\/logopaed.cz\/wp-content\/uploads\/2025\/11\/20251118_131831-1536x865.jpg 1536w, https:\/\/logopaed.cz\/wp-content\/uploads\/2025\/11\/20251118_131831-2048x1153.jpg 2048w\" sizes=\"(max-width: 1024px) 100vw, 1024px\" \/><\/figure>\n\n\n\n<figure class=\"wp-block-image size-large\"><img decoding=\"async\" loading=\"lazy\" width=\"1024\" height=\"577\" data-id=\"5957\"  src=\"https:\/\/logopaed.cz\/wp-content\/uploads\/2025\/11\/20251118_131929-1024x577.jpg\" alt=\"\" class=\"wp-image-5957\" srcset=\"https:\/\/logopaed.cz\/wp-content\/uploads\/2025\/11\/20251118_131929-1024x577.jpg 1024w, https:\/\/logopaed.cz\/wp-content\/uploads\/2025\/11\/20251118_131929-300x169.jpg 300w, https:\/\/logopaed.cz\/wp-content\/uploads\/2025\/11\/20251118_131929-768x432.jpg 768w, https:\/\/logopaed.cz\/wp-content\/uploads\/2025\/11\/20251118_131929-1536x865.jpg 1536w, https:\/\/logopaed.cz\/wp-content\/uploads\/2025\/11\/20251118_131929-2048x1153.jpg 2048w\" sizes=\"(max-width: 1024px) 100vw, 1024px\" \/><\/figure>\n<\/figure>\n<div class=\"gsp_post_data\" data-post_type=\"post\" data-cat=\"slider,obecne,zs-logopedicka\" data-modified=\"120\" data-title=\"Odpoledne pro\u017eit\u00e9 v Globusu\" data-home=\"https:\/\/logopaed.cz\/home\"><\/div>","protected":false},"excerpt":{"rendered":"<p>\u017d\u00e1ci 9. ro\u010dn\u00edku absolvovali zaj\u00edmavou a podn\u011btnou exkurzi do provozoven peka\u0159stv\u00ed a \u0159eznictv\u00ed obchodn\u00edho \u0159et\u011bzce Globus. M\u011bli mo\u017enost nahl\u00e9dnout \u201epod pokli\u010dku\u201c p\u0159\u00edprav obl\u00edben\u00fdch cukr\u00e1\u0159sk\u00fdch v\u00fdrobk\u016f i masn\u00fdch specialit. Dozv\u011bd\u011bli se odpov\u011bdi na \u0159adu ot\u00e1zek t\u00fdkaj\u00edc\u00edch se v\u00fdroby potravin a na z\u00e1v\u011br si pochutnali na \u010derstv\u011b p\u0159ipraven\u00fdch produktech. Exkurze se d\u011btem velmi l\u00edbila a p\u0159ibl\u00ed\u017eila jim nejen rozmanitost, ale i n\u00e1ro\u010dnost pr\u00e1ce p\u0159i ka\u017edodenn\u00ed v\u00fdrob\u011b potravin.<\/p>\n","protected":false},"author":3,"featured_media":5956,"comment_status":"closed","ping_status":"closed","sticky":false,"template":"","format":"standard","meta":[],"categories":[1,4,5],"tags":[],"post_folder":[],"blog_post_layout_featured_media_urls":{"thumbnail":["https:\/\/logopaed.cz\/wp-content\/uploads\/2025\/11\/20251118_130402-150x150.jpg",150,150,true],"full":["https:\/\/logopaed.cz\/wp-content\/uploads\/2025\/11\/20251118_130402-scaled.jpg",2560,953,false]},"categories_names":{"1":{"name":"slider","link":"https:\/\/logopaed.cz\/home\/category\/slider\/"},"4":{"name":"Obecn\u00e9","link":"https:\/\/logopaed.cz\/home\/category\/obecne\/"},"5":{"name":"Z\u00e1kladn\u00ed \u0161kola logopedick\u00e1","link":"https:\/\/logopaed.cz\/home\/category\/obecne\/zs-logopedicka\/"}},"tags_names":[],"comments_number":0,"_links":{"self":[{"href":"https:\/\/logopaed.cz\/home\/wp-json\/wp\/v2\/posts\/5955"}],"collection":[{"href":"https:\/\/logopaed.cz\/home\/wp-json\/wp\/v2\/posts"}],"about":[{"href":"https:\/\/logopaed.cz\/home\/wp-json\/wp\/v2\/types\/post"}],"author":[{"embeddable":true,"href":"https:\/\/logopaed.cz\/home\/wp-json\/wp\/v2\/users\/3"}],"replies":[{"embeddable":true,"href":"https:\/\/logopaed.cz\/home\/wp-json\/wp\/v2\/comments?post=5955"}],"version-history":[{"count":1,"href":"https:\/\/logopaed.cz\/home\/wp-json\/wp\/v2\/posts\/5955\/revisions"}],"predecessor-version":[{"id":5959,"href":"https:\/\/logopaed.cz\/home\/wp-json\/wp\/v2\/posts\/5955\/revisions\/5959"}],"wp:featuredmedia":[{"embeddable":true,"href":"https:\/\/logopaed.cz\/home\/wp-json\/wp\/v2\/media\/5956"}],"wp:attachment":[{"href":"https:\/\/logopaed.cz\/home\/wp-json\/wp\/v2\/media?parent=5955"}],"wp:term":[{"taxonomy":"category","embeddable":true,"href":"https:\/\/logopaed.cz\/home\/wp-json\/wp\/v2\/categories?post=5955"},{"taxonomy":"post_tag","embeddable":true,"href":"https:\/\/logopaed.cz\/home\/wp-json\/wp\/v2\/tags?post=5955"},{"taxonomy":"post_folder","embeddable":true,"href":"https:\/\/logopaed.cz\/home\/wp-json\/wp\/v2\/post_folder?post=5955"}],"curies":[{"name":"wp","href":"https:\/\/api.w.org\/{rel}","templated":true}]}}