{"id":5906,"date":"2025-11-10T05:45:54","date_gmt":"2025-11-10T05:45:54","guid":{"rendered":"https:\/\/logopaed.cz\/home\/?p=5906"},"modified":"2025-11-10T05:45:55","modified_gmt":"2025-11-10T05:45:55","slug":"dynovani-3","status":"publish","type":"post","link":"https:\/\/logopaed.cz\/home\/obecne\/ms-logopedicka\/dynovani-3\/","title":{"rendered":"D\u00fd\u0148ov\u00e1n\u00ed"},"content":{"rendered":"\n<div class=\"wp-block-media-text alignwide is-stacked-on-mobile\"><figure class=\"wp-block-media-text__media\"><img decoding=\"async\" loading=\"lazy\" width=\"1024\" height=\"768\" src=\"https:\/\/logopaed.cz\/wp-content\/uploads\/2025\/11\/20251021_104330-1024x768.jpg\" alt=\"\" class=\"wp-image-5904 size-full\" srcset=\"https:\/\/logopaed.cz\/wp-content\/uploads\/2025\/11\/20251021_104330-1024x768.jpg 1024w, https:\/\/logopaed.cz\/wp-content\/uploads\/2025\/11\/20251021_104330-300x225.jpg 300w, https:\/\/logopaed.cz\/wp-content\/uploads\/2025\/11\/20251021_104330-768x576.jpg 768w, https:\/\/logopaed.cz\/wp-content\/uploads\/2025\/11\/20251021_104330-1536x1152.jpg 1536w, https:\/\/logopaed.cz\/wp-content\/uploads\/2025\/11\/20251021_104330-2048x1536.jpg 2048w\" sizes=\"(max-width: 1024px) 100vw, 1024px\" \/><\/figure><div class=\"wp-block-media-text__content\">\n<p>V \u00fater\u00fd 21. 10. 2025 v r\u00e1mci t\u00e9matu &#8222;Podzim na poli&#8220; prob\u011bhlo v na\u0161\u00ed M\u0160 tradi\u010dn\u00ed &#8222;D\u00fd\u0148ov\u00e1n\u00ed&#8220;. <\/p>\n<\/div><\/div>\n\n\n\n<div class=\"wp-block-media-text alignwide is-stacked-on-mobile\"><figure class=\"wp-block-media-text__media\"><img decoding=\"async\" loading=\"lazy\" width=\"768\" height=\"1024\" src=\"https:\/\/logopaed.cz\/wp-content\/uploads\/2025\/11\/20251021_095159-768x1024.jpg\" alt=\"\" class=\"wp-image-5903 size-full\" srcset=\"https:\/\/logopaed.cz\/wp-content\/uploads\/2025\/11\/20251021_095159-768x1024.jpg 768w, https:\/\/logopaed.cz\/wp-content\/uploads\/2025\/11\/20251021_095159-225x300.jpg 225w, https:\/\/logopaed.cz\/wp-content\/uploads\/2025\/11\/20251021_095159-1152x1536.jpg 1152w, https:\/\/logopaed.cz\/wp-content\/uploads\/2025\/11\/20251021_095159-1536x2048.jpg 1536w, https:\/\/logopaed.cz\/wp-content\/uploads\/2025\/11\/20251021_095159-scaled.jpg 1920w\" sizes=\"(max-width: 768px) 100vw, 768px\" \/><\/figure><div class=\"wp-block-media-text__content\">\n<p><\/p>\n<\/div><\/div>\n\n\n\n<div class=\"wp-block-media-text alignwide is-stacked-on-mobile\"><figure class=\"wp-block-media-text__media\"><img decoding=\"async\" loading=\"lazy\" width=\"1024\" height=\"768\" src=\"https:\/\/logopaed.cz\/wp-content\/uploads\/2025\/11\/20251021_095151-1024x768.jpg\" alt=\"\" class=\"wp-image-5902 size-full\" srcset=\"https:\/\/logopaed.cz\/wp-content\/uploads\/2025\/11\/20251021_095151-1024x768.jpg 1024w, https:\/\/logopaed.cz\/wp-content\/uploads\/2025\/11\/20251021_095151-300x225.jpg 300w, https:\/\/logopaed.cz\/wp-content\/uploads\/2025\/11\/20251021_095151-768x576.jpg 768w, https:\/\/logopaed.cz\/wp-content\/uploads\/2025\/11\/20251021_095151-1536x1152.jpg 1536w, https:\/\/logopaed.cz\/wp-content\/uploads\/2025\/11\/20251021_095151-2048x1536.jpg 2048w\" sizes=\"(max-width: 1024px) 100vw, 1024px\" \/><\/figure><div class=\"wp-block-media-text__content\">\n<p><\/p>\n<\/div><\/div>\n<div class=\"gsp_post_data\" data-post_type=\"post\" data-cat=\"ms-logopedicka\" data-modified=\"120\" data-title=\"D\u00fd\u0148ov\u00e1n\u00ed\" data-home=\"https:\/\/logopaed.cz\/home\"><\/div>","protected":false},"excerpt":{"rendered":"<p>V \u00fater\u00fd 21. 10. 2025 v r\u00e1mci t\u00e9matu &#8222;Podzim na poli&#8220; prob\u011bhlo v na\u0161\u00ed M\u0160 tradi\u010dn\u00ed &#8222;D\u00fd\u0148ov\u00e1n\u00ed&#8220;.<\/p>\n","protected":false},"author":10,"featured_media":5898,"comment_status":"closed","ping_status":"closed","sticky":false,"template":"","format":"standard","meta":[],"categories":[6],"tags":[],"post_folder":[],"blog_post_layout_featured_media_urls":{"thumbnail":["https:\/\/logopaed.cz\/wp-content\/uploads\/2025\/11\/1000004332-150x150.jpg",150,150,true],"full":["https:\/\/logopaed.cz\/wp-content\/uploads\/2025\/11\/1000004332.jpg",1530,2040,false]},"categories_names":{"6":{"name":"Mate\u0159sk\u00e1 \u0161kola logopedick\u00e1","link":"https:\/\/logopaed.cz\/home\/category\/obecne\/ms-logopedicka\/"}},"tags_names":[],"comments_number":0,"_links":{"self":[{"href":"https:\/\/logopaed.cz\/home\/wp-json\/wp\/v2\/posts\/5906"}],"collection":[{"href":"https:\/\/logopaed.cz\/home\/wp-json\/wp\/v2\/posts"}],"about":[{"href":"https:\/\/logopaed.cz\/home\/wp-json\/wp\/v2\/types\/post"}],"author":[{"embeddable":true,"href":"https:\/\/logopaed.cz\/home\/wp-json\/wp\/v2\/users\/10"}],"replies":[{"embeddable":true,"href":"https:\/\/logopaed.cz\/home\/wp-json\/wp\/v2\/comments?post=5906"}],"version-history":[{"count":2,"href":"https:\/\/logopaed.cz\/home\/wp-json\/wp\/v2\/posts\/5906\/revisions"}],"predecessor-version":[{"id":5917,"href":"https:\/\/logopaed.cz\/home\/wp-json\/wp\/v2\/posts\/5906\/revisions\/5917"}],"wp:featuredmedia":[{"embeddable":true,"href":"https:\/\/logopaed.cz\/home\/wp-json\/wp\/v2\/media\/5898"}],"wp:attachment":[{"href":"https:\/\/logopaed.cz\/home\/wp-json\/wp\/v2\/media?parent=5906"}],"wp:term":[{"taxonomy":"category","embeddable":true,"href":"https:\/\/logopaed.cz\/home\/wp-json\/wp\/v2\/categories?post=5906"},{"taxonomy":"post_tag","embeddable":true,"href":"https:\/\/logopaed.cz\/home\/wp-json\/wp\/v2\/tags?post=5906"},{"taxonomy":"post_folder","embeddable":true,"href":"https:\/\/logopaed.cz\/home\/wp-json\/wp\/v2\/post_folder?post=5906"}],"curies":[{"name":"wp","href":"https:\/\/api.w.org\/{rel}","templated":true}]}}