{"id":5872,"date":"2025-11-03T07:17:39","date_gmt":"2025-11-03T07:17:39","guid":{"rendered":"https:\/\/logopaed.cz\/home\/?p=5872"},"modified":"2025-11-03T07:20:50","modified_gmt":"2025-11-03T07:20:50","slug":"badatelska-vyuka-v-hodinach-prirodopisu","status":"publish","type":"post","link":"https:\/\/logopaed.cz\/home\/slider\/badatelska-vyuka-v-hodinach-prirodopisu\/","title":{"rendered":"Badatelsk\u00e1 v\u00fduka v hodin\u00e1ch p\u0159\u00edrodopisu"},"content":{"rendered":"\n<p>V r\u00e1mci p\u0159\u00edrodov\u011bdn\u00e9ho vzd\u011bl\u00e1v\u00e1n\u00ed si \u017e\u00e1ci na\u0161\u00ed \u0161koly vyzkou\u0161eli badatelskou formu v\u00fduky. V hodin\u00e1ch p\u0159\u00edrodopisu pozorovali pod mikroskopem sv\u011bt v kapk\u00e1ch vody, kter\u00e9 poch\u00e1zely z jez\u00edrka v nedalek\u00e9m m\u011bstsk\u00e9m parku.<\/p>\n\n\n\n<p>B\u011bhem pr\u00e1ce se \u017e\u00e1ci zam\u00fd\u0161leli nad \u010distotou vody&nbsp;a ochranou \u017eivotn\u00edho prost\u0159ed\u00ed. Sv\u00e1 pozorov\u00e1n\u00ed pe\u010dliv\u011b zaznamen\u00e1vali a zakreslovali do badatelsk\u00fdch protokol\u016f. Vid\u011bli zde drobn\u00e9 kor\u00fd\u0161e, perloo\u010dky a r\u016fzn\u00e9 larvy hmyzu. B\u011bhem pozorov\u00e1n\u00ed jedn\u00e9 skupiny dokonce do\u0161lo k&nbsp;vyl\u00edhnut\u00ed jedn\u00e9 larvy v&nbsp;dosp\u011blce.<\/p>\n\n\n\n<p>Pr\u00e1ce je bavila o to v\u00edce, \u017ee mohli spolupracovat v t\u00fdmech&nbsp;se sv\u00fdmi spolu\u017e\u00e1ky a spole\u010dn\u011b objevovat mikroskopick\u00fd sv\u011bt, kter\u00fd b\u011b\u017en\u011b z\u016fst\u00e1v\u00e1 skryt\u00fd jejich o\u010d\u00edm.<\/p>\n\n\n\n<figure class=\"wp-block-gallery has-nested-images columns-default is-cropped wp-block-gallery-1 is-layout-flex\">\n<figure class=\"wp-block-image size-large\"><img decoding=\"async\" loading=\"lazy\" width=\"1024\" height=\"577\" data-id=\"5880\"  src=\"https:\/\/logopaed.cz\/wp-content\/uploads\/2025\/11\/20251021_093747-1-1024x577.jpg\" alt=\"\" class=\"wp-image-5880\" srcset=\"https:\/\/logopaed.cz\/wp-content\/uploads\/2025\/11\/20251021_093747-1-1024x577.jpg 1024w, https:\/\/logopaed.cz\/wp-content\/uploads\/2025\/11\/20251021_093747-1-300x169.jpg 300w, https:\/\/logopaed.cz\/wp-content\/uploads\/2025\/11\/20251021_093747-1-768x432.jpg 768w, https:\/\/logopaed.cz\/wp-content\/uploads\/2025\/11\/20251021_093747-1-1536x865.jpg 1536w, https:\/\/logopaed.cz\/wp-content\/uploads\/2025\/11\/20251021_093747-1-2048x1153.jpg 2048w\" sizes=\"(max-width: 1024px) 100vw, 1024px\" \/><\/figure>\n\n\n\n<figure class=\"wp-block-image size-large\"><img decoding=\"async\" loading=\"lazy\" width=\"1024\" height=\"577\" data-id=\"5879\"  src=\"https:\/\/logopaed.cz\/wp-content\/uploads\/2025\/11\/20251022_121314-1-1024x577.jpg\" alt=\"\" class=\"wp-image-5879\" srcset=\"https:\/\/logopaed.cz\/wp-content\/uploads\/2025\/11\/20251022_121314-1-1024x577.jpg 1024w, https:\/\/logopaed.cz\/wp-content\/uploads\/2025\/11\/20251022_121314-1-300x169.jpg 300w, https:\/\/logopaed.cz\/wp-content\/uploads\/2025\/11\/20251022_121314-1-768x432.jpg 768w, https:\/\/logopaed.cz\/wp-content\/uploads\/2025\/11\/20251022_121314-1-1536x865.jpg 1536w, https:\/\/logopaed.cz\/wp-content\/uploads\/2025\/11\/20251022_121314-1-2048x1153.jpg 2048w\" sizes=\"(max-width: 1024px) 100vw, 1024px\" \/><\/figure>\n\n\n\n<figure class=\"wp-block-image\"><img decoding=\"async\" src=\"https:\/\/logopaed.cz\/wp-content\/uploads\/2025\/11\/20251020_134913-1-1024x577.jpg\" alt=\"\"\/><\/figure>\n\n\n\n<figure class=\"wp-block-image size-large\"><img decoding=\"async\" loading=\"lazy\" width=\"1024\" height=\"577\" data-id=\"5877\"  src=\"https:\/\/logopaed.cz\/wp-content\/uploads\/2025\/11\/20251020_135533-1-1024x577.jpg\" alt=\"\" class=\"wp-image-5877\" srcset=\"https:\/\/logopaed.cz\/wp-content\/uploads\/2025\/11\/20251020_135533-1-1024x577.jpg 1024w, https:\/\/logopaed.cz\/wp-content\/uploads\/2025\/11\/20251020_135533-1-300x169.jpg 300w, https:\/\/logopaed.cz\/wp-content\/uploads\/2025\/11\/20251020_135533-1-768x432.jpg 768w, https:\/\/logopaed.cz\/wp-content\/uploads\/2025\/11\/20251020_135533-1-1536x865.jpg 1536w, https:\/\/logopaed.cz\/wp-content\/uploads\/2025\/11\/20251020_135533-1-2048x1153.jpg 2048w\" sizes=\"(max-width: 1024px) 100vw, 1024px\" \/><\/figure>\n\n\n\n<figure class=\"wp-block-image size-large\"><img decoding=\"async\" loading=\"lazy\" width=\"1024\" height=\"577\" data-id=\"5882\"  src=\"https:\/\/logopaed.cz\/wp-content\/uploads\/2025\/11\/20251020_134829-1-1024x577.jpg\" alt=\"\" class=\"wp-image-5882\" srcset=\"https:\/\/logopaed.cz\/wp-content\/uploads\/2025\/11\/20251020_134829-1-1024x577.jpg 1024w, https:\/\/logopaed.cz\/wp-content\/uploads\/2025\/11\/20251020_134829-1-300x169.jpg 300w, https:\/\/logopaed.cz\/wp-content\/uploads\/2025\/11\/20251020_134829-1-768x432.jpg 768w, https:\/\/logopaed.cz\/wp-content\/uploads\/2025\/11\/20251020_134829-1-1536x865.jpg 1536w, https:\/\/logopaed.cz\/wp-content\/uploads\/2025\/11\/20251020_134829-1-2048x1153.jpg 2048w\" sizes=\"(max-width: 1024px) 100vw, 1024px\" \/><\/figure>\n<\/figure>\n<div class=\"gsp_post_data\" data-post_type=\"post\" data-cat=\"slider,zs-logopedicka\" data-modified=\"120\" data-title=\"Badatelsk\u00e1 v\u00fduka v hodin\u00e1ch p\u0159\u00edrodopisu\" data-home=\"https:\/\/logopaed.cz\/home\"><\/div>","protected":false},"excerpt":{"rendered":"<p>V r\u00e1mci p\u0159\u00edrodov\u011bdn\u00e9ho vzd\u011bl\u00e1v\u00e1n\u00ed si \u017e\u00e1ci na\u0161\u00ed \u0161koly vyzkou\u0161eli badatelskou formu v\u00fduky. V hodin\u00e1ch p\u0159\u00edrodopisu pozorovali pod mikroskopem sv\u011bt v kapk\u00e1ch vody, kter\u00e9 poch\u00e1zely z jez\u00edrka v nedalek\u00e9m m\u011bstsk\u00e9m parku. B\u011bhem pr\u00e1ce se \u017e\u00e1ci zam\u00fd\u0161leli nad \u010distotou vody&nbsp;a ochranou \u017eivotn\u00edho prost\u0159ed\u00ed. Sv\u00e1 pozorov\u00e1n\u00ed pe\u010dliv\u011b zaznamen\u00e1vali a zakreslovali do badatelsk\u00fdch protokol\u016f. Vid\u011bli zde drobn\u00e9 kor\u00fd\u0161e, perloo\u010dky a r\u016fzn\u00e9 larvy hmyzu. B\u011bhem pozorov\u00e1n\u00ed jedn\u00e9 skupiny dokonce do\u0161lo k&nbsp;vyl\u00edhnut\u00ed jedn\u00e9 larvy v&nbsp;dosp\u011blce. Pr\u00e1ce je bavila o to v\u00edce, \u017ee mohli spolupracovat v t\u00fdmech&nbsp;se sv\u00fdmi spolu\u017e\u00e1ky a spole\u010dn\u011b objevovat [&hellip;]<\/p>\n","protected":false},"author":3,"featured_media":5891,"comment_status":"closed","ping_status":"closed","sticky":false,"template":"","format":"standard","meta":[],"categories":[1,5],"tags":[],"post_folder":[],"blog_post_layout_featured_media_urls":{"thumbnail":["https:\/\/logopaed.cz\/wp-content\/uploads\/2025\/11\/20251024_122339-150x150.jpg",150,150,true],"full":["https:\/\/logopaed.cz\/wp-content\/uploads\/2025\/11\/20251024_122339-scaled.jpg",2560,1441,false]},"categories_names":{"1":{"name":"slider","link":"https:\/\/logopaed.cz\/home\/category\/slider\/"},"5":{"name":"Z\u00e1kladn\u00ed \u0161kola logopedick\u00e1","link":"https:\/\/logopaed.cz\/home\/category\/obecne\/zs-logopedicka\/"}},"tags_names":[],"comments_number":0,"_links":{"self":[{"href":"https:\/\/logopaed.cz\/home\/wp-json\/wp\/v2\/posts\/5872"}],"collection":[{"href":"https:\/\/logopaed.cz\/home\/wp-json\/wp\/v2\/posts"}],"about":[{"href":"https:\/\/logopaed.cz\/home\/wp-json\/wp\/v2\/types\/post"}],"author":[{"embeddable":true,"href":"https:\/\/logopaed.cz\/home\/wp-json\/wp\/v2\/users\/3"}],"replies":[{"embeddable":true,"href":"https:\/\/logopaed.cz\/home\/wp-json\/wp\/v2\/comments?post=5872"}],"version-history":[{"count":2,"href":"https:\/\/logopaed.cz\/home\/wp-json\/wp\/v2\/posts\/5872\/revisions"}],"predecessor-version":[{"id":5890,"href":"https:\/\/logopaed.cz\/home\/wp-json\/wp\/v2\/posts\/5872\/revisions\/5890"}],"wp:featuredmedia":[{"embeddable":true,"href":"https:\/\/logopaed.cz\/home\/wp-json\/wp\/v2\/media\/5891"}],"wp:attachment":[{"href":"https:\/\/logopaed.cz\/home\/wp-json\/wp\/v2\/media?parent=5872"}],"wp:term":[{"taxonomy":"category","embeddable":true,"href":"https:\/\/logopaed.cz\/home\/wp-json\/wp\/v2\/categories?post=5872"},{"taxonomy":"post_tag","embeddable":true,"href":"https:\/\/logopaed.cz\/home\/wp-json\/wp\/v2\/tags?post=5872"},{"taxonomy":"post_folder","embeddable":true,"href":"https:\/\/logopaed.cz\/home\/wp-json\/wp\/v2\/post_folder?post=5872"}],"curies":[{"name":"wp","href":"https:\/\/api.w.org\/{rel}","templated":true}]}}