{"id":5864,"date":"2025-10-24T05:50:25","date_gmt":"2025-10-24T05:50:25","guid":{"rendered":"https:\/\/logopaed.cz\/home\/?p=5864"},"modified":"2025-10-24T05:50:26","modified_gmt":"2025-10-24T05:50:26","slug":"podzimni-prazdniny-reditelske-volno-2","status":"publish","type":"post","link":"https:\/\/logopaed.cz\/home\/obecne\/zs-logopedicka\/podzimni-prazdniny-reditelske-volno-2\/","title":{"rendered":"Podzimn\u00ed pr\u00e1zdniny, \u0159editelsk\u00e9 volno"},"content":{"rendered":"\n<p>V pond\u011bl\u00ed 27. 10. a ve st\u0159edu 29. 10. 2025 maj\u00ed \u017e\u00e1ci na\u0161\u00ed \u0161koly podzimn\u00ed pr\u00e1zdniny, ve \u010dtvrtek 30. 10. a v p\u00e1tek 31. 10. \u0159editelsk\u00e9 volno. <\/p>\n<div class=\"gsp_post_data\" data-post_type=\"post\" data-cat=\"zs-logopedicka,zs-pri-fakultni-nemocnici-olomouc,skolni-druzina,internat\" data-modified=\"120\" data-title=\"Podzimn\u00ed pr\u00e1zdniny, \u0159editelsk\u00e9 volno\" data-home=\"https:\/\/logopaed.cz\/home\"><\/div>","protected":false},"excerpt":{"rendered":"<p>V pond\u011bl\u00ed 27. 10. a ve st\u0159edu 29. 10. 2025 maj\u00ed \u017e\u00e1ci na\u0161\u00ed \u0161koly podzimn\u00ed pr\u00e1zdniny, ve \u010dtvrtek 30. 10. a v p\u00e1tek 31. 10. \u0159editelsk\u00e9 volno.<\/p>\n","protected":false},"author":6,"featured_media":0,"comment_status":"closed","ping_status":"closed","sticky":false,"template":"","format":"standard","meta":[],"categories":[5,17,43,44],"tags":[],"post_folder":[],"blog_post_layout_featured_media_urls":{"thumbnail":"","full":""},"categories_names":{"5":{"name":"Z\u00e1kladn\u00ed \u0161kola logopedick\u00e1","link":"https:\/\/logopaed.cz\/home\/category\/obecne\/zs-logopedicka\/"},"17":{"name":"Z\u00e1kladn\u00ed \u0161kola p\u0159i Fakultn\u00ed nemocnici Olomouc","link":"https:\/\/logopaed.cz\/home\/category\/obecne\/zs-ms-fn\/zs-pri-fakultni-nemocnici-olomouc\/"},"43":{"name":"\u0160koln\u00ed dru\u017eina","link":"https:\/\/logopaed.cz\/home\/category\/obecne\/skolni-druzina\/"},"44":{"name":"Intern\u00e1t","link":"https:\/\/logopaed.cz\/home\/category\/obecne\/internat\/"}},"tags_names":[],"comments_number":0,"_links":{"self":[{"href":"https:\/\/logopaed.cz\/home\/wp-json\/wp\/v2\/posts\/5864"}],"collection":[{"href":"https:\/\/logopaed.cz\/home\/wp-json\/wp\/v2\/posts"}],"about":[{"href":"https:\/\/logopaed.cz\/home\/wp-json\/wp\/v2\/types\/post"}],"author":[{"embeddable":true,"href":"https:\/\/logopaed.cz\/home\/wp-json\/wp\/v2\/users\/6"}],"replies":[{"embeddable":true,"href":"https:\/\/logopaed.cz\/home\/wp-json\/wp\/v2\/comments?post=5864"}],"version-history":[{"count":1,"href":"https:\/\/logopaed.cz\/home\/wp-json\/wp\/v2\/posts\/5864\/revisions"}],"predecessor-version":[{"id":5865,"href":"https:\/\/logopaed.cz\/home\/wp-json\/wp\/v2\/posts\/5864\/revisions\/5865"}],"wp:attachment":[{"href":"https:\/\/logopaed.cz\/home\/wp-json\/wp\/v2\/media?parent=5864"}],"wp:term":[{"taxonomy":"category","embeddable":true,"href":"https:\/\/logopaed.cz\/home\/wp-json\/wp\/v2\/categories?post=5864"},{"taxonomy":"post_tag","embeddable":true,"href":"https:\/\/logopaed.cz\/home\/wp-json\/wp\/v2\/tags?post=5864"},{"taxonomy":"post_folder","embeddable":true,"href":"https:\/\/logopaed.cz\/home\/wp-json\/wp\/v2\/post_folder?post=5864"}],"curies":[{"name":"wp","href":"https:\/\/api.w.org\/{rel}","templated":true}]}}