{"id":5825,"date":"2025-10-24T05:47:51","date_gmt":"2025-10-24T05:47:51","guid":{"rendered":"https:\/\/logopaed.cz\/home\/?p=5825"},"modified":"2025-10-24T05:47:51","modified_gmt":"2025-10-24T05:47:51","slug":"odpadova-olympiada-2","status":"publish","type":"post","link":"https:\/\/logopaed.cz\/home\/obecne\/odpadova-olympiada-2\/","title":{"rendered":"Odpadov\u00e1 olympi\u00e1da"},"content":{"rendered":"\n<div class=\"wp-block-media-text alignwide is-stacked-on-mobile is-vertically-aligned-center\"><figure class=\"wp-block-media-text__media\"><img decoding=\"async\" loading=\"lazy\" width=\"1024\" height=\"576\" src=\"https:\/\/logopaed.cz\/wp-content\/uploads\/2025\/10\/IMG_20251021_094559395_HDR-1024x576.jpg\" alt=\"\" class=\"wp-image-5826 size-full\" srcset=\"https:\/\/logopaed.cz\/wp-content\/uploads\/2025\/10\/IMG_20251021_094559395_HDR-1024x576.jpg 1024w, https:\/\/logopaed.cz\/wp-content\/uploads\/2025\/10\/IMG_20251021_094559395_HDR-300x169.jpg 300w, https:\/\/logopaed.cz\/wp-content\/uploads\/2025\/10\/IMG_20251021_094559395_HDR-768x432.jpg 768w, https:\/\/logopaed.cz\/wp-content\/uploads\/2025\/10\/IMG_20251021_094559395_HDR-1536x864.jpg 1536w, https:\/\/logopaed.cz\/wp-content\/uploads\/2025\/10\/IMG_20251021_094559395_HDR-2048x1152.jpg 2048w\" sizes=\"(max-width: 1024px) 100vw, 1024px\" \/><\/figure><div class=\"wp-block-media-text__content\">\n<p>Dne 21. 10. se \u017e\u00e1ci VI. t\u0159\u00eddy na\u0161\u00ed \u0161koly z\u00fa\u010dastnili\u00a0<strong>Odpadov\u00e9 olympi\u00e1dy<\/strong>, kterou po\u0159\u00e1dalo\u00a0<strong>DDM Olomouc<\/strong>. Sout\u011b\u017e byla zam\u011b\u0159ena na\u00a0<strong>ekologii, t\u0159\u00edd\u011bn\u00ed odpadu a ochranu \u017eivotn\u00edho prost\u0159ed\u00ed<\/strong>. D\u011bti si vyzkou\u0161ely sv\u00e9 znalosti v r\u016fzn\u00fdch z\u00e1bavn\u00fdch discipl\u00edn\u00e1ch, p\u0159i nich\u017e musely prok\u00e1zat, \u017ee um\u00ed spr\u00e1vn\u011b t\u0159\u00eddit odpad i p\u0159em\u00fd\u0161let o tom, jak p\u0159edch\u00e1zet jeho vzniku.<\/p>\n\n\n\n<p>Cel\u00e1 akce se nesla v p\u0159\u00e1telsk\u00e9 a sout\u011b\u017eiv\u00e9 atmosf\u00e9\u0159e. Na\u0161i \u0161es\u0165\u00e1ci si odnesli nejen nov\u00e9 poznatky a zku\u0161enosti, ale tak\u00e9 spoustu dobr\u00e9 n\u00e1lady a inspirace k ekologi\u010dt\u011bj\u0161\u00edmu chov\u00e1n\u00ed.<\/p>\n\n\n\n<p>D\u011bkujeme DDM Olomouc za skv\u011ble p\u0159ipraven\u00fd program a t\u011b\u0161\u00edme se na dal\u0161\u00ed podobn\u00e9 akce!<\/p>\n<\/div><\/div>\n<div class=\"gsp_post_data\" data-post_type=\"post\" data-cat=\"obecne,zs-logopedicka\" data-modified=\"120\" data-title=\"Odpadov\u00e1 olympi\u00e1da\" data-home=\"https:\/\/logopaed.cz\/home\"><\/div>","protected":false},"excerpt":{"rendered":"<p>Dne 21. 10. se \u017e\u00e1ci VI. t\u0159\u00eddy na\u0161\u00ed \u0161koly z\u00fa\u010dastnili\u00a0Odpadov\u00e9 olympi\u00e1dy, kterou po\u0159\u00e1dalo\u00a0DDM Olomouc. Sout\u011b\u017e byla zam\u011b\u0159ena na\u00a0ekologii, t\u0159\u00edd\u011bn\u00ed odpadu a ochranu \u017eivotn\u00edho prost\u0159ed\u00ed. D\u011bti si vyzkou\u0161ely sv\u00e9 znalosti v r\u016fzn\u00fdch z\u00e1bavn\u00fdch discipl\u00edn\u00e1ch, p\u0159i nich\u017e musely prok\u00e1zat, \u017ee um\u00ed spr\u00e1vn\u011b t\u0159\u00eddit odpad i p\u0159em\u00fd\u0161let o tom, jak p\u0159edch\u00e1zet jeho vzniku. Cel\u00e1 akce se nesla v p\u0159\u00e1telsk\u00e9 a sout\u011b\u017eiv\u00e9 atmosf\u00e9\u0159e. Na\u0161i \u0161es\u0165\u00e1ci si odnesli nejen nov\u00e9 poznatky a zku\u0161enosti, ale tak\u00e9 spoustu dobr\u00e9 n\u00e1lady a inspirace k ekologi\u010dt\u011bj\u0161\u00edmu chov\u00e1n\u00ed. D\u011bkujeme DDM Olomouc za skv\u011ble p\u0159ipraven\u00fd program [&hellip;]<\/p>\n","protected":false},"author":14,"featured_media":5827,"comment_status":"closed","ping_status":"closed","sticky":false,"template":"","format":"standard","meta":[],"categories":[4,5],"tags":[],"post_folder":[],"blog_post_layout_featured_media_urls":{"thumbnail":["https:\/\/logopaed.cz\/wp-content\/uploads\/2025\/10\/IMG_20251021_102328528_HDR_PORTRAIT-150x150.jpg",150,150,true],"full":["https:\/\/logopaed.cz\/wp-content\/uploads\/2025\/10\/IMG_20251021_102328528_HDR_PORTRAIT-scaled.jpg",2560,1440,false]},"categories_names":{"4":{"name":"Obecn\u00e9","link":"https:\/\/logopaed.cz\/home\/category\/obecne\/"},"5":{"name":"Z\u00e1kladn\u00ed \u0161kola logopedick\u00e1","link":"https:\/\/logopaed.cz\/home\/category\/obecne\/zs-logopedicka\/"}},"tags_names":[],"comments_number":0,"_links":{"self":[{"href":"https:\/\/logopaed.cz\/home\/wp-json\/wp\/v2\/posts\/5825"}],"collection":[{"href":"https:\/\/logopaed.cz\/home\/wp-json\/wp\/v2\/posts"}],"about":[{"href":"https:\/\/logopaed.cz\/home\/wp-json\/wp\/v2\/types\/post"}],"author":[{"embeddable":true,"href":"https:\/\/logopaed.cz\/home\/wp-json\/wp\/v2\/users\/14"}],"replies":[{"embeddable":true,"href":"https:\/\/logopaed.cz\/home\/wp-json\/wp\/v2\/comments?post=5825"}],"version-history":[{"count":2,"href":"https:\/\/logopaed.cz\/home\/wp-json\/wp\/v2\/posts\/5825\/revisions"}],"predecessor-version":[{"id":5863,"href":"https:\/\/logopaed.cz\/home\/wp-json\/wp\/v2\/posts\/5825\/revisions\/5863"}],"wp:featuredmedia":[{"embeddable":true,"href":"https:\/\/logopaed.cz\/home\/wp-json\/wp\/v2\/media\/5827"}],"wp:attachment":[{"href":"https:\/\/logopaed.cz\/home\/wp-json\/wp\/v2\/media?parent=5825"}],"wp:term":[{"taxonomy":"category","embeddable":true,"href":"https:\/\/logopaed.cz\/home\/wp-json\/wp\/v2\/categories?post=5825"},{"taxonomy":"post_tag","embeddable":true,"href":"https:\/\/logopaed.cz\/home\/wp-json\/wp\/v2\/tags?post=5825"},{"taxonomy":"post_folder","embeddable":true,"href":"https:\/\/logopaed.cz\/home\/wp-json\/wp\/v2\/post_folder?post=5825"}],"curies":[{"name":"wp","href":"https:\/\/api.w.org\/{rel}","templated":true}]}}