{"id":5811,"date":"2025-10-24T05:43:37","date_gmt":"2025-10-24T05:43:37","guid":{"rendered":"https:\/\/logopaed.cz\/home\/?p=5811"},"modified":"2025-10-24T05:43:38","modified_gmt":"2025-10-24T05:43:38","slug":"exkurze-patych-trid-do-prahy","status":"publish","type":"post","link":"https:\/\/logopaed.cz\/home\/obecne\/exkurze-patych-trid-do-prahy\/","title":{"rendered":"Exkurze p\u00e1t\u00fdch t\u0159\u00edd do Prahy"},"content":{"rendered":"\n<div class=\"wp-block-media-text alignwide is-stacked-on-mobile\" style=\"grid-template-columns:41% auto\"><figure class=\"wp-block-media-text__media\"><img decoding=\"async\" loading=\"lazy\" width=\"680\" height=\"1024\" src=\"https:\/\/logopaed.cz\/wp-content\/uploads\/2025\/10\/DSC_3986-680x1024.jpg\" alt=\"\" class=\"wp-image-5819 size-full\" srcset=\"https:\/\/logopaed.cz\/wp-content\/uploads\/2025\/10\/DSC_3986-680x1024.jpg 680w, https:\/\/logopaed.cz\/wp-content\/uploads\/2025\/10\/DSC_3986-199x300.jpg 199w, https:\/\/logopaed.cz\/wp-content\/uploads\/2025\/10\/DSC_3986-768x1156.jpg 768w, https:\/\/logopaed.cz\/wp-content\/uploads\/2025\/10\/DSC_3986-1020x1536.jpg 1020w, https:\/\/logopaed.cz\/wp-content\/uploads\/2025\/10\/DSC_3986-1360x2048.jpg 1360w, https:\/\/logopaed.cz\/wp-content\/uploads\/2025\/10\/DSC_3986-scaled.jpg 1700w\" sizes=\"(max-width: 680px) 100vw, 680px\" \/><\/figure><div class=\"wp-block-media-text__content\">\n<p>V \u00fater\u00fd 16. \u0159\u00edjna se \u017e\u00e1ci 5. ro\u010dn\u00edku vydali na exkurzi do Prahy. B\u011bhem dne nav\u0161t\u00edvili mnoh\u00e1 zn\u00e1m\u00e1 m\u00edsta na\u0161eho hlavn\u00edho m\u011bsta \u2013 Starom\u011bstsk\u00e9 n\u00e1m\u011bst\u00ed, Karl\u016fv most, Pra\u017esk\u00fd hrad, Pra\u0161nou br\u00e1nu, Betl\u00e9mskou kapli \u010di Metronom na Letn\u00e9.<\/p>\n\n\n\n<p><br>Sou\u010d\u00e1st\u00ed programu byla tak\u00e9 n\u00e1v\u0161t\u011bva Zem\u011bd\u011blsk\u00e9ho muzea, kde si d\u011bti mohly prohl\u00e9dnout modern\u00ed expozice a dozv\u011bd\u011bly se mnoho zaj\u00edmavost\u00ed o historii i sou\u010dasnosti zem\u011bd\u011blstv\u00ed. <\/p>\n\n\n\n<p><br>V\u00fdlet se vyda\u0159il na jedni\u010dku \u2013 po\u010das\u00ed p\u0159\u00e1lo, n\u00e1lada byla v\u00fdborn\u00e1 a d\u011bti si z Prahy odvezly nejen spoustu nov\u00fdch poznatk\u016f, ale i kr\u00e1sn\u00e9 z\u00e1\u017eitky.<\/p>\n<\/div><\/div>\n\n\n\n<figure class=\"wp-block-gallery has-nested-images columns-default is-cropped wp-block-gallery-1 is-layout-flex\">\n<figure class=\"wp-block-image size-large\"><img decoding=\"async\" loading=\"lazy\" width=\"1024\" height=\"680\" data-id=\"5814\"  src=\"https:\/\/logopaed.cz\/wp-content\/uploads\/2025\/10\/DSC_4028-1024x680.jpg\" alt=\"\" class=\"wp-image-5814\" srcset=\"https:\/\/logopaed.cz\/wp-content\/uploads\/2025\/10\/DSC_4028-1024x680.jpg 1024w, https:\/\/logopaed.cz\/wp-content\/uploads\/2025\/10\/DSC_4028-300x199.jpg 300w, https:\/\/logopaed.cz\/wp-content\/uploads\/2025\/10\/DSC_4028-768x510.jpg 768w, https:\/\/logopaed.cz\/wp-content\/uploads\/2025\/10\/DSC_4028-1536x1020.jpg 1536w, https:\/\/logopaed.cz\/wp-content\/uploads\/2025\/10\/DSC_4028-2048x1360.jpg 2048w\" sizes=\"(max-width: 1024px) 100vw, 1024px\" \/><\/figure>\n\n\n\n<figure class=\"wp-block-image size-large\"><img decoding=\"async\" loading=\"lazy\" width=\"1024\" height=\"680\" data-id=\"5816\"  src=\"https:\/\/logopaed.cz\/wp-content\/uploads\/2025\/10\/DSC_4048-1024x680.jpg\" alt=\"\" class=\"wp-image-5816\" srcset=\"https:\/\/logopaed.cz\/wp-content\/uploads\/2025\/10\/DSC_4048-1024x680.jpg 1024w, https:\/\/logopaed.cz\/wp-content\/uploads\/2025\/10\/DSC_4048-300x199.jpg 300w, https:\/\/logopaed.cz\/wp-content\/uploads\/2025\/10\/DSC_4048-768x510.jpg 768w, https:\/\/logopaed.cz\/wp-content\/uploads\/2025\/10\/DSC_4048-1536x1020.jpg 1536w, https:\/\/logopaed.cz\/wp-content\/uploads\/2025\/10\/DSC_4048-2048x1360.jpg 2048w\" sizes=\"(max-width: 1024px) 100vw, 1024px\" \/><\/figure>\n<\/figure>\n<div class=\"gsp_post_data\" data-post_type=\"post\" data-cat=\"obecne,zs-logopedicka\" data-modified=\"120\" data-title=\"Exkurze p\u00e1t\u00fdch t\u0159\u00edd do Prahy\" data-home=\"https:\/\/logopaed.cz\/home\"><\/div>","protected":false},"excerpt":{"rendered":"<p>V \u00fater\u00fd 16. \u0159\u00edjna se \u017e\u00e1ci 5. ro\u010dn\u00edku vydali na exkurzi do Prahy. B\u011bhem dne nav\u0161t\u00edvili mnoh\u00e1 zn\u00e1m\u00e1 m\u00edsta na\u0161eho hlavn\u00edho m\u011bsta \u2013 Starom\u011bstsk\u00e9 n\u00e1m\u011bst\u00ed, Karl\u016fv most, Pra\u017esk\u00fd hrad, Pra\u0161nou br\u00e1nu, Betl\u00e9mskou kapli \u010di Metronom na Letn\u00e9. Sou\u010d\u00e1st\u00ed programu byla tak\u00e9 n\u00e1v\u0161t\u011bva Zem\u011bd\u011blsk\u00e9ho muzea, kde si d\u011bti mohly prohl\u00e9dnout modern\u00ed expozice a dozv\u011bd\u011bly se mnoho zaj\u00edmavost\u00ed o historii i sou\u010dasnosti zem\u011bd\u011blstv\u00ed. V\u00fdlet se vyda\u0159il na jedni\u010dku \u2013 po\u010das\u00ed p\u0159\u00e1lo, n\u00e1lada byla v\u00fdborn\u00e1 a d\u011bti si z Prahy odvezly nejen spoustu nov\u00fdch poznatk\u016f, ale i kr\u00e1sn\u00e9 [&hellip;]<\/p>\n","protected":false},"author":14,"featured_media":5817,"comment_status":"closed","ping_status":"closed","sticky":false,"template":"","format":"standard","meta":[],"categories":[4,5],"tags":[],"post_folder":[],"blog_post_layout_featured_media_urls":{"thumbnail":["https:\/\/logopaed.cz\/wp-content\/uploads\/2025\/10\/DSC_4120-150x150.jpg",150,150,true],"full":["https:\/\/logopaed.cz\/wp-content\/uploads\/2025\/10\/DSC_4120-scaled.jpg",2560,1700,false]},"categories_names":{"4":{"name":"Obecn\u00e9","link":"https:\/\/logopaed.cz\/home\/category\/obecne\/"},"5":{"name":"Z\u00e1kladn\u00ed \u0161kola logopedick\u00e1","link":"https:\/\/logopaed.cz\/home\/category\/obecne\/zs-logopedicka\/"}},"tags_names":[],"comments_number":0,"_links":{"self":[{"href":"https:\/\/logopaed.cz\/home\/wp-json\/wp\/v2\/posts\/5811"}],"collection":[{"href":"https:\/\/logopaed.cz\/home\/wp-json\/wp\/v2\/posts"}],"about":[{"href":"https:\/\/logopaed.cz\/home\/wp-json\/wp\/v2\/types\/post"}],"author":[{"embeddable":true,"href":"https:\/\/logopaed.cz\/home\/wp-json\/wp\/v2\/users\/14"}],"replies":[{"embeddable":true,"href":"https:\/\/logopaed.cz\/home\/wp-json\/wp\/v2\/comments?post=5811"}],"version-history":[{"count":3,"href":"https:\/\/logopaed.cz\/home\/wp-json\/wp\/v2\/posts\/5811\/revisions"}],"predecessor-version":[{"id":5855,"href":"https:\/\/logopaed.cz\/home\/wp-json\/wp\/v2\/posts\/5811\/revisions\/5855"}],"wp:featuredmedia":[{"embeddable":true,"href":"https:\/\/logopaed.cz\/home\/wp-json\/wp\/v2\/media\/5817"}],"wp:attachment":[{"href":"https:\/\/logopaed.cz\/home\/wp-json\/wp\/v2\/media?parent=5811"}],"wp:term":[{"taxonomy":"category","embeddable":true,"href":"https:\/\/logopaed.cz\/home\/wp-json\/wp\/v2\/categories?post=5811"},{"taxonomy":"post_tag","embeddable":true,"href":"https:\/\/logopaed.cz\/home\/wp-json\/wp\/v2\/tags?post=5811"},{"taxonomy":"post_folder","embeddable":true,"href":"https:\/\/logopaed.cz\/home\/wp-json\/wp\/v2\/post_folder?post=5811"}],"curies":[{"name":"wp","href":"https:\/\/api.w.org\/{rel}","templated":true}]}}