{"id":5797,"date":"2025-10-24T05:46:58","date_gmt":"2025-10-24T05:46:58","guid":{"rendered":"https:\/\/logopaed.cz\/home\/?p=5797"},"modified":"2025-10-24T05:46:59","modified_gmt":"2025-10-24T05:46:59","slug":"navsteva-knihovny-3","status":"publish","type":"post","link":"https:\/\/logopaed.cz\/home\/obecne\/ms-logopedicka\/navsteva-knihovny-3\/","title":{"rendered":"N\u00e1v\u0161t\u011bva knihovny"},"content":{"rendered":"\n<div class=\"wp-block-media-text alignwide is-stacked-on-mobile\"><figure class=\"wp-block-media-text__media\"><img decoding=\"async\" loading=\"lazy\" width=\"1024\" height=\"768\" src=\"https:\/\/logopaed.cz\/wp-content\/uploads\/2025\/10\/20251007_102515-1024x768.jpg\" alt=\"\" class=\"wp-image-5833 size-full\" srcset=\"https:\/\/logopaed.cz\/wp-content\/uploads\/2025\/10\/20251007_102515-1024x768.jpg 1024w, https:\/\/logopaed.cz\/wp-content\/uploads\/2025\/10\/20251007_102515-300x225.jpg 300w, https:\/\/logopaed.cz\/wp-content\/uploads\/2025\/10\/20251007_102515-768x576.jpg 768w, https:\/\/logopaed.cz\/wp-content\/uploads\/2025\/10\/20251007_102515-1536x1152.jpg 1536w, https:\/\/logopaed.cz\/wp-content\/uploads\/2025\/10\/20251007_102515-2048x1536.jpg 2048w\" sizes=\"(max-width: 1024px) 100vw, 1024px\" \/><\/figure><div class=\"wp-block-media-text__content\">\n<p>V \u00fater\u00fd 7. 10. 2025 jsme nav\u0161t\u00edvili Knihovnu m\u011bsta Olomouce, kde jsme se z\u00fa\u010dastnili zaj\u00edmav\u00e9ho programu &#8222;Kamil neum\u00ed l\u00edtat&#8220;. Spole\u010dn\u00fdmi silami se d\u011btem poda\u0159ilo dopravit \u0161pa\u010dka Kamila do tepl\u00fdch kraj\u016f.<\/p>\n<\/div><\/div>\n\n\n\n<div class=\"wp-block-media-text alignwide is-stacked-on-mobile\"><figure class=\"wp-block-media-text__media\"><img decoding=\"async\" loading=\"lazy\" width=\"768\" height=\"1024\" src=\"https:\/\/logopaed.cz\/wp-content\/uploads\/2025\/10\/20251007_100912-768x1024.jpg\" alt=\"\" class=\"wp-image-5831 size-full\" srcset=\"https:\/\/logopaed.cz\/wp-content\/uploads\/2025\/10\/20251007_100912-768x1024.jpg 768w, https:\/\/logopaed.cz\/wp-content\/uploads\/2025\/10\/20251007_100912-225x300.jpg 225w, https:\/\/logopaed.cz\/wp-content\/uploads\/2025\/10\/20251007_100912-1152x1536.jpg 1152w, https:\/\/logopaed.cz\/wp-content\/uploads\/2025\/10\/20251007_100912-1536x2048.jpg 1536w, https:\/\/logopaed.cz\/wp-content\/uploads\/2025\/10\/20251007_100912-scaled.jpg 1920w\" sizes=\"(max-width: 768px) 100vw, 768px\" \/><\/figure><div class=\"wp-block-media-text__content\">\n<p><\/p>\n<\/div><\/div>\n\n\n\n<div class=\"wp-block-media-text alignwide is-stacked-on-mobile\"><figure class=\"wp-block-media-text__media\"><img decoding=\"async\" loading=\"lazy\" width=\"750\" height=\"1024\" src=\"https:\/\/logopaed.cz\/wp-content\/uploads\/2025\/10\/20251007_103339-750x1024.jpg\" alt=\"\" class=\"wp-image-5836 size-full\" srcset=\"https:\/\/logopaed.cz\/wp-content\/uploads\/2025\/10\/20251007_103339-750x1024.jpg 750w, https:\/\/logopaed.cz\/wp-content\/uploads\/2025\/10\/20251007_103339-220x300.jpg 220w, https:\/\/logopaed.cz\/wp-content\/uploads\/2025\/10\/20251007_103339-768x1049.jpg 768w, https:\/\/logopaed.cz\/wp-content\/uploads\/2025\/10\/20251007_103339-1125x1536.jpg 1125w, https:\/\/logopaed.cz\/wp-content\/uploads\/2025\/10\/20251007_103339-1500x2048.jpg 1500w, https:\/\/logopaed.cz\/wp-content\/uploads\/2025\/10\/20251007_103339-scaled.jpg 1875w\" sizes=\"(max-width: 750px) 100vw, 750px\" \/><\/figure><div class=\"wp-block-media-text__content\">\n<p><\/p>\n<\/div><\/div>\n\n\n\n<div class=\"wp-block-media-text alignwide is-stacked-on-mobile\"><figure class=\"wp-block-media-text__media\"><img decoding=\"async\" loading=\"lazy\" width=\"768\" height=\"1024\" src=\"https:\/\/logopaed.cz\/wp-content\/uploads\/2025\/10\/20251007_102644-768x1024.jpg\" alt=\"\" class=\"wp-image-5834 size-full\" srcset=\"https:\/\/logopaed.cz\/wp-content\/uploads\/2025\/10\/20251007_102644-768x1024.jpg 768w, https:\/\/logopaed.cz\/wp-content\/uploads\/2025\/10\/20251007_102644-225x300.jpg 225w, https:\/\/logopaed.cz\/wp-content\/uploads\/2025\/10\/20251007_102644-1152x1536.jpg 1152w, https:\/\/logopaed.cz\/wp-content\/uploads\/2025\/10\/20251007_102644-1536x2048.jpg 1536w, https:\/\/logopaed.cz\/wp-content\/uploads\/2025\/10\/20251007_102644-scaled.jpg 1920w\" sizes=\"(max-width: 768px) 100vw, 768px\" \/><\/figure><div class=\"wp-block-media-text__content\">\n<p><\/p>\n<\/div><\/div>\n\n\n\n<div class=\"wp-block-media-text alignwide is-stacked-on-mobile\"><figure class=\"wp-block-media-text__media\"><img decoding=\"async\" loading=\"lazy\" width=\"1024\" height=\"768\" src=\"https:\/\/logopaed.cz\/wp-content\/uploads\/2025\/10\/20251007_102350-1024x768.jpg\" alt=\"\" class=\"wp-image-5832 size-full\" srcset=\"https:\/\/logopaed.cz\/wp-content\/uploads\/2025\/10\/20251007_102350-1024x768.jpg 1024w, https:\/\/logopaed.cz\/wp-content\/uploads\/2025\/10\/20251007_102350-300x225.jpg 300w, https:\/\/logopaed.cz\/wp-content\/uploads\/2025\/10\/20251007_102350-768x576.jpg 768w, https:\/\/logopaed.cz\/wp-content\/uploads\/2025\/10\/20251007_102350-1536x1152.jpg 1536w, https:\/\/logopaed.cz\/wp-content\/uploads\/2025\/10\/20251007_102350-2048x1536.jpg 2048w\" sizes=\"(max-width: 1024px) 100vw, 1024px\" \/><\/figure><div class=\"wp-block-media-text__content\">\n<p><\/p>\n<\/div><\/div>\n<div class=\"gsp_post_data\" data-post_type=\"post\" data-cat=\"ms-logopedicka\" data-modified=\"120\" data-title=\"N\u00e1v\u0161t\u011bva knihovny\" data-home=\"https:\/\/logopaed.cz\/home\"><\/div>","protected":false},"excerpt":{"rendered":"<p>V \u00fater\u00fd 7. 10. 2025 jsme nav\u0161t\u00edvili Knihovnu m\u011bsta Olomouce, kde jsme se z\u00fa\u010dastnili zaj\u00edmav\u00e9ho programu &#8222;Kamil neum\u00ed l\u00edtat&#8220;. Spole\u010dn\u00fdmi silami se d\u011btem poda\u0159ilo dopravit \u0161pa\u010dka Kamila do tepl\u00fdch kraj\u016f.<\/p>\n","protected":false},"author":10,"featured_media":5835,"comment_status":"closed","ping_status":"closed","sticky":false,"template":"","format":"standard","meta":[],"categories":[6],"tags":[],"post_folder":[],"blog_post_layout_featured_media_urls":{"thumbnail":["https:\/\/logopaed.cz\/wp-content\/uploads\/2025\/10\/20251007_103239-150x150.jpg",150,150,true],"full":["https:\/\/logopaed.cz\/wp-content\/uploads\/2025\/10\/20251007_103239-scaled.jpg",1920,2560,false]},"categories_names":{"6":{"name":"Mate\u0159sk\u00e1 \u0161kola logopedick\u00e1","link":"https:\/\/logopaed.cz\/home\/category\/obecne\/ms-logopedicka\/"}},"tags_names":[],"comments_number":0,"_links":{"self":[{"href":"https:\/\/logopaed.cz\/home\/wp-json\/wp\/v2\/posts\/5797"}],"collection":[{"href":"https:\/\/logopaed.cz\/home\/wp-json\/wp\/v2\/posts"}],"about":[{"href":"https:\/\/logopaed.cz\/home\/wp-json\/wp\/v2\/types\/post"}],"author":[{"embeddable":true,"href":"https:\/\/logopaed.cz\/home\/wp-json\/wp\/v2\/users\/10"}],"replies":[{"embeddable":true,"href":"https:\/\/logopaed.cz\/home\/wp-json\/wp\/v2\/comments?post=5797"}],"version-history":[{"count":2,"href":"https:\/\/logopaed.cz\/home\/wp-json\/wp\/v2\/posts\/5797\/revisions"}],"predecessor-version":[{"id":5862,"href":"https:\/\/logopaed.cz\/home\/wp-json\/wp\/v2\/posts\/5797\/revisions\/5862"}],"wp:featuredmedia":[{"embeddable":true,"href":"https:\/\/logopaed.cz\/home\/wp-json\/wp\/v2\/media\/5835"}],"wp:attachment":[{"href":"https:\/\/logopaed.cz\/home\/wp-json\/wp\/v2\/media?parent=5797"}],"wp:term":[{"taxonomy":"category","embeddable":true,"href":"https:\/\/logopaed.cz\/home\/wp-json\/wp\/v2\/categories?post=5797"},{"taxonomy":"post_tag","embeddable":true,"href":"https:\/\/logopaed.cz\/home\/wp-json\/wp\/v2\/tags?post=5797"},{"taxonomy":"post_folder","embeddable":true,"href":"https:\/\/logopaed.cz\/home\/wp-json\/wp\/v2\/post_folder?post=5797"}],"curies":[{"name":"wp","href":"https:\/\/api.w.org\/{rel}","templated":true}]}}