{"id":5777,"date":"2025-10-22T05:04:34","date_gmt":"2025-10-22T05:04:34","guid":{"rendered":"https:\/\/logopaed.cz\/home\/?p=5777"},"modified":"2025-10-22T05:04:35","modified_gmt":"2025-10-22T05:04:35","slug":"bubnovani-zpivani-a-rytmus-afriky","status":"publish","type":"post","link":"https:\/\/logopaed.cz\/home\/obecne\/bubnovani-zpivani-a-rytmus-afriky\/","title":{"rendered":"Bubnov\u00e1n\u00ed, zp\u00edv\u00e1n\u00ed a rytmus Afriky"},"content":{"rendered":"\n<p>V \u0159\u00edjnu si \u017e\u00e1ci na\u0161\u00ed \u0161koly mohli\u00a0<strong>vyzkou\u0161et hru na africk\u00e9 bubny<\/strong>\u00a0a za\u017e\u00edt s\u00edlu spole\u010dn\u00e9ho rytmu.<br>Pod veden\u00edm zku\u0161en\u00e9ho lektora se nau\u010dili\u00a0<strong>z\u00e1klady africk\u00fdch rytm\u016f<\/strong>, doprovodili je\u00a0<strong>zp\u011bvem indi\u00e1nsk\u00fdch p\u00edsn\u00ed<\/strong>\u00a0<br>a objevili, jak hudba spojuje lidi nap\u0159\u00ed\u010d kulturami.<br>Atmosf\u00e9ra byla pln\u00e1 energie, radosti a zvuku bubn\u016f, kter\u00e9 rozvibrovaly celou \u0161kolu!\u00a0<\/p>\n<div class=\"gsp_post_data\" data-post_type=\"post\" data-cat=\"obecne,zs-logopedicka\" data-modified=\"120\" data-title=\"Bubnov\u00e1n\u00ed, zp\u00edv\u00e1n\u00ed a rytmus Afriky\" data-home=\"https:\/\/logopaed.cz\/home\"><\/div>","protected":false},"excerpt":{"rendered":"<p>V \u0159\u00edjnu si \u017e\u00e1ci na\u0161\u00ed \u0161koly mohli\u00a0vyzkou\u0161et hru na africk\u00e9 bubny\u00a0a za\u017e\u00edt s\u00edlu spole\u010dn\u00e9ho rytmu.Pod veden\u00edm zku\u0161en\u00e9ho lektora se nau\u010dili\u00a0z\u00e1klady africk\u00fdch rytm\u016f, doprovodili je\u00a0zp\u011bvem indi\u00e1nsk\u00fdch p\u00edsn\u00ed\u00a0a objevili, jak hudba spojuje lidi nap\u0159\u00ed\u010d kulturami.Atmosf\u00e9ra byla pln\u00e1 energie, radosti a zvuku bubn\u016f, kter\u00e9 rozvibrovaly celou \u0161kolu!\u00a0<\/p>\n","protected":false},"author":15,"featured_media":5778,"comment_status":"closed","ping_status":"closed","sticky":false,"template":"","format":"standard","meta":[],"categories":[4,5],"tags":[],"post_folder":[],"blog_post_layout_featured_media_urls":{"thumbnail":["https:\/\/logopaed.cz\/wp-content\/uploads\/2025\/10\/IMG_8236-150x150.jpg",150,150,true],"full":["https:\/\/logopaed.cz\/wp-content\/uploads\/2025\/10\/IMG_8236-scaled.jpg",2560,2179,false]},"categories_names":{"4":{"name":"Obecn\u00e9","link":"https:\/\/logopaed.cz\/home\/category\/obecne\/"},"5":{"name":"Z\u00e1kladn\u00ed \u0161kola logopedick\u00e1","link":"https:\/\/logopaed.cz\/home\/category\/obecne\/zs-logopedicka\/"}},"tags_names":[],"comments_number":0,"_links":{"self":[{"href":"https:\/\/logopaed.cz\/home\/wp-json\/wp\/v2\/posts\/5777"}],"collection":[{"href":"https:\/\/logopaed.cz\/home\/wp-json\/wp\/v2\/posts"}],"about":[{"href":"https:\/\/logopaed.cz\/home\/wp-json\/wp\/v2\/types\/post"}],"author":[{"embeddable":true,"href":"https:\/\/logopaed.cz\/home\/wp-json\/wp\/v2\/users\/15"}],"replies":[{"embeddable":true,"href":"https:\/\/logopaed.cz\/home\/wp-json\/wp\/v2\/comments?post=5777"}],"version-history":[{"count":2,"href":"https:\/\/logopaed.cz\/home\/wp-json\/wp\/v2\/posts\/5777\/revisions"}],"predecessor-version":[{"id":5808,"href":"https:\/\/logopaed.cz\/home\/wp-json\/wp\/v2\/posts\/5777\/revisions\/5808"}],"wp:featuredmedia":[{"embeddable":true,"href":"https:\/\/logopaed.cz\/home\/wp-json\/wp\/v2\/media\/5778"}],"wp:attachment":[{"href":"https:\/\/logopaed.cz\/home\/wp-json\/wp\/v2\/media?parent=5777"}],"wp:term":[{"taxonomy":"category","embeddable":true,"href":"https:\/\/logopaed.cz\/home\/wp-json\/wp\/v2\/categories?post=5777"},{"taxonomy":"post_tag","embeddable":true,"href":"https:\/\/logopaed.cz\/home\/wp-json\/wp\/v2\/tags?post=5777"},{"taxonomy":"post_folder","embeddable":true,"href":"https:\/\/logopaed.cz\/home\/wp-json\/wp\/v2\/post_folder?post=5777"}],"curies":[{"name":"wp","href":"https:\/\/api.w.org\/{rel}","templated":true}]}}