{"id":5748,"date":"2025-10-09T08:29:00","date_gmt":"2025-10-09T08:29:00","guid":{"rendered":"https:\/\/logopaed.cz\/home\/?p=5748"},"modified":"2025-10-09T08:54:56","modified_gmt":"2025-10-09T08:54:56","slug":"oslava-lesa","status":"publish","type":"post","link":"https:\/\/logopaed.cz\/home\/obecne\/zs-logopedicka\/oslava-lesa\/","title":{"rendered":"Oslava lesa"},"content":{"rendered":"\n<p>V p\u00e1tek 3. \u0159\u00edjna si \u017e\u00e1ci 5. ro\u010dn\u00edku zp\u0159\u00edjemnili pobytem na \u010derstv\u00e9m vzduchu. Zam\u00ed\u0159ili do Smetanov\u00fdch sad\u016f, kde na n\u011b \u010dekaly st\u00e1nky s r\u016fzn\u00fdmi zaj\u00edmavostmi, informacemi o lese. Po spln\u011bn\u00ed mnohdy nesnadn\u00fdch \u00fakol\u016f si v\u0161ichni odnesli nejen nev\u0161edn\u00ed z\u00e1\u017eitky a spoustu nov\u00fdch znalost\u00ed, ale i d\u00e1rkov\u00e9 p\u0159edm\u011bty a tak\u00e9 sazenice dubu a buku. Oba stromy ji\u017e na\u0161ly sv\u00e9 m\u00edsto v are\u00e1lu \u0161koly.<\/p>\n\n\n\n<figure class=\"wp-block-image size-large\"><img decoding=\"async\" loading=\"lazy\" width=\"1024\" height=\"768\" src=\"https:\/\/logopaed.cz\/wp-content\/uploads\/2025\/10\/20251003_084608-1024x768.jpg\" alt=\"\" class=\"wp-image-5749\" srcset=\"https:\/\/logopaed.cz\/wp-content\/uploads\/2025\/10\/20251003_084608-1024x768.jpg 1024w, https:\/\/logopaed.cz\/wp-content\/uploads\/2025\/10\/20251003_084608-300x225.jpg 300w, https:\/\/logopaed.cz\/wp-content\/uploads\/2025\/10\/20251003_084608-768x576.jpg 768w, https:\/\/logopaed.cz\/wp-content\/uploads\/2025\/10\/20251003_084608-1536x1152.jpg 1536w, https:\/\/logopaed.cz\/wp-content\/uploads\/2025\/10\/20251003_084608-2048x1536.jpg 2048w\" sizes=\"(max-width: 1024px) 100vw, 1024px\" \/><\/figure>\n\n\n\n<figure class=\"wp-block-image size-large\"><img decoding=\"async\" loading=\"lazy\" width=\"768\" height=\"1024\" src=\"https:\/\/logopaed.cz\/wp-content\/uploads\/2025\/10\/20251003_084810-768x1024.jpg\" alt=\"\" class=\"wp-image-5750\" srcset=\"https:\/\/logopaed.cz\/wp-content\/uploads\/2025\/10\/20251003_084810-768x1024.jpg 768w, https:\/\/logopaed.cz\/wp-content\/uploads\/2025\/10\/20251003_084810-225x300.jpg 225w, https:\/\/logopaed.cz\/wp-content\/uploads\/2025\/10\/20251003_084810-1152x1536.jpg 1152w, https:\/\/logopaed.cz\/wp-content\/uploads\/2025\/10\/20251003_084810-1536x2048.jpg 1536w, https:\/\/logopaed.cz\/wp-content\/uploads\/2025\/10\/20251003_084810-scaled.jpg 1920w\" sizes=\"(max-width: 768px) 100vw, 768px\" \/><\/figure>\n<div class=\"gsp_post_data\" data-post_type=\"post\" data-cat=\"zs-logopedicka\" data-modified=\"120\" data-title=\"Oslava lesa\" data-home=\"https:\/\/logopaed.cz\/home\"><\/div>","protected":false},"excerpt":{"rendered":"<p>V p\u00e1tek 3. \u0159\u00edjna si \u017e\u00e1ci 5. ro\u010dn\u00edku zp\u0159\u00edjemnili pobytem na \u010derstv\u00e9m vzduchu. Zam\u00ed\u0159ili do Smetanov\u00fdch sad\u016f, kde na n\u011b \u010dekaly st\u00e1nky s r\u016fzn\u00fdmi zaj\u00edmavostmi, informacemi o lese. Po spln\u011bn\u00ed mnohdy nesnadn\u00fdch \u00fakol\u016f si v\u0161ichni odnesli nejen nev\u0161edn\u00ed z\u00e1\u017eitky a spoustu nov\u00fdch znalost\u00ed, ale i d\u00e1rkov\u00e9 p\u0159edm\u011bty a tak\u00e9 sazenice dubu a buku. Oba stromy ji\u017e na\u0161ly sv\u00e9 m\u00edsto v are\u00e1lu \u0161koly.<\/p>\n","protected":false},"author":6,"featured_media":5754,"comment_status":"closed","ping_status":"closed","sticky":false,"template":"","format":"standard","meta":[],"categories":[5],"tags":[],"post_folder":[],"blog_post_layout_featured_media_urls":{"thumbnail":["https:\/\/logopaed.cz\/wp-content\/uploads\/2025\/10\/IMG-20251003-WA0002-150x150.jpeg",150,150,true],"full":["https:\/\/logopaed.cz\/wp-content\/uploads\/2025\/10\/IMG-20251003-WA0002-scaled.jpeg",2560,1440,false]},"categories_names":{"5":{"name":"Z\u00e1kladn\u00ed \u0161kola logopedick\u00e1","link":"https:\/\/logopaed.cz\/home\/category\/obecne\/zs-logopedicka\/"}},"tags_names":[],"comments_number":0,"_links":{"self":[{"href":"https:\/\/logopaed.cz\/home\/wp-json\/wp\/v2\/posts\/5748"}],"collection":[{"href":"https:\/\/logopaed.cz\/home\/wp-json\/wp\/v2\/posts"}],"about":[{"href":"https:\/\/logopaed.cz\/home\/wp-json\/wp\/v2\/types\/post"}],"author":[{"embeddable":true,"href":"https:\/\/logopaed.cz\/home\/wp-json\/wp\/v2\/users\/6"}],"replies":[{"embeddable":true,"href":"https:\/\/logopaed.cz\/home\/wp-json\/wp\/v2\/comments?post=5748"}],"version-history":[{"count":2,"href":"https:\/\/logopaed.cz\/home\/wp-json\/wp\/v2\/posts\/5748\/revisions"}],"predecessor-version":[{"id":5753,"href":"https:\/\/logopaed.cz\/home\/wp-json\/wp\/v2\/posts\/5748\/revisions\/5753"}],"wp:featuredmedia":[{"embeddable":true,"href":"https:\/\/logopaed.cz\/home\/wp-json\/wp\/v2\/media\/5754"}],"wp:attachment":[{"href":"https:\/\/logopaed.cz\/home\/wp-json\/wp\/v2\/media?parent=5748"}],"wp:term":[{"taxonomy":"category","embeddable":true,"href":"https:\/\/logopaed.cz\/home\/wp-json\/wp\/v2\/categories?post=5748"},{"taxonomy":"post_tag","embeddable":true,"href":"https:\/\/logopaed.cz\/home\/wp-json\/wp\/v2\/tags?post=5748"},{"taxonomy":"post_folder","embeddable":true,"href":"https:\/\/logopaed.cz\/home\/wp-json\/wp\/v2\/post_folder?post=5748"}],"curies":[{"name":"wp","href":"https:\/\/api.w.org\/{rel}","templated":true}]}}