{"id":5740,"date":"2025-10-09T08:16:49","date_gmt":"2025-10-09T08:16:49","guid":{"rendered":"https:\/\/logopaed.cz\/home\/?p=5740"},"modified":"2025-10-09T08:16:50","modified_gmt":"2025-10-09T08:16:50","slug":"ochutnavka-ovoce-a-zeleniny-2","status":"publish","type":"post","link":"https:\/\/logopaed.cz\/home\/obecne\/ms-logopedicka\/ochutnavka-ovoce-a-zeleniny-2\/","title":{"rendered":"Ochutn\u00e1vka ovoce a zeleniny"},"content":{"rendered":"\n<div class=\"wp-block-media-text alignwide is-stacked-on-mobile\"><figure class=\"wp-block-media-text__media\"><img decoding=\"async\" loading=\"lazy\" width=\"768\" height=\"1024\" src=\"https:\/\/logopaed.cz\/wp-content\/uploads\/2025\/10\/20251002_094513-768x1024.jpg\" alt=\"\" class=\"wp-image-5742 size-full\" srcset=\"https:\/\/logopaed.cz\/wp-content\/uploads\/2025\/10\/20251002_094513-768x1024.jpg 768w, https:\/\/logopaed.cz\/wp-content\/uploads\/2025\/10\/20251002_094513-225x300.jpg 225w, https:\/\/logopaed.cz\/wp-content\/uploads\/2025\/10\/20251002_094513-1152x1536.jpg 1152w, https:\/\/logopaed.cz\/wp-content\/uploads\/2025\/10\/20251002_094513-1536x2048.jpg 1536w, https:\/\/logopaed.cz\/wp-content\/uploads\/2025\/10\/20251002_094513-scaled.jpg 1920w\" sizes=\"(max-width: 768px) 100vw, 768px\" \/><\/figure><div class=\"wp-block-media-text__content\">\n<p>Ve \u010dtvrtek 2. 10. 2025 jsme si v r\u00e1mci t\u00e9matu &#8222;Ovoce a zelenina&#8220; uspo\u0159\u00e1dali ochutn\u00e1vku ovoce a zeleniny. Akce sklidila u d\u011bt\u00ed velk\u00fd \u00fasp\u011bch.<\/p>\n<\/div><\/div>\n\n\n\n<div class=\"wp-block-media-text alignwide is-stacked-on-mobile\"><figure class=\"wp-block-media-text__media\"><img decoding=\"async\" loading=\"lazy\" width=\"768\" height=\"1024\" src=\"https:\/\/logopaed.cz\/wp-content\/uploads\/2025\/10\/20251002_095707-768x1024.jpg\" alt=\"\" class=\"wp-image-5743 size-full\" srcset=\"https:\/\/logopaed.cz\/wp-content\/uploads\/2025\/10\/20251002_095707-768x1024.jpg 768w, https:\/\/logopaed.cz\/wp-content\/uploads\/2025\/10\/20251002_095707-225x300.jpg 225w, https:\/\/logopaed.cz\/wp-content\/uploads\/2025\/10\/20251002_095707-1152x1536.jpg 1152w, https:\/\/logopaed.cz\/wp-content\/uploads\/2025\/10\/20251002_095707-1536x2048.jpg 1536w, https:\/\/logopaed.cz\/wp-content\/uploads\/2025\/10\/20251002_095707-scaled.jpg 1920w\" sizes=\"(max-width: 768px) 100vw, 768px\" \/><\/figure><div class=\"wp-block-media-text__content\">\n<p><\/p>\n<\/div><\/div>\n\n\n\n<div class=\"wp-block-media-text alignwide is-stacked-on-mobile\"><figure class=\"wp-block-media-text__media\"><img decoding=\"async\" loading=\"lazy\" width=\"768\" height=\"1024\" src=\"https:\/\/logopaed.cz\/wp-content\/uploads\/2025\/10\/IMG_9306-768x1024.jpeg\" alt=\"\" class=\"wp-image-5732 size-full\" srcset=\"https:\/\/logopaed.cz\/wp-content\/uploads\/2025\/10\/IMG_9306-768x1024.jpeg 768w, https:\/\/logopaed.cz\/wp-content\/uploads\/2025\/10\/IMG_9306-225x300.jpeg 225w, https:\/\/logopaed.cz\/wp-content\/uploads\/2025\/10\/IMG_9306-1152x1536.jpeg 1152w, https:\/\/logopaed.cz\/wp-content\/uploads\/2025\/10\/IMG_9306-1536x2048.jpeg 1536w, https:\/\/logopaed.cz\/wp-content\/uploads\/2025\/10\/IMG_9306-scaled.jpeg 1920w\" sizes=\"(max-width: 768px) 100vw, 768px\" \/><\/figure><div class=\"wp-block-media-text__content\">\n<p><\/p>\n<\/div><\/div>\n<div class=\"gsp_post_data\" data-post_type=\"post\" data-cat=\"ms-logopedicka\" data-modified=\"120\" data-title=\"Ochutn\u00e1vka ovoce a zeleniny\" data-home=\"https:\/\/logopaed.cz\/home\"><\/div>","protected":false},"excerpt":{"rendered":"<p>Ve \u010dtvrtek 2. 10. 2025 jsme si v r\u00e1mci t\u00e9matu &#8222;Ovoce a zelenina&#8220; uspo\u0159\u00e1dali ochutn\u00e1vku ovoce a zeleniny. Akce sklidila u d\u011bt\u00ed velk\u00fd \u00fasp\u011bch.<\/p>\n","protected":false},"author":10,"featured_media":5741,"comment_status":"closed","ping_status":"closed","sticky":false,"template":"","format":"standard","meta":[],"categories":[6],"tags":[],"post_folder":[],"blog_post_layout_featured_media_urls":{"thumbnail":["https:\/\/logopaed.cz\/wp-content\/uploads\/2025\/10\/20251002_094422-150x150.jpg",150,150,true],"full":["https:\/\/logopaed.cz\/wp-content\/uploads\/2025\/10\/20251002_094422-scaled.jpg",2560,1920,false]},"categories_names":{"6":{"name":"Mate\u0159sk\u00e1 \u0161kola logopedick\u00e1","link":"https:\/\/logopaed.cz\/home\/category\/obecne\/ms-logopedicka\/"}},"tags_names":[],"comments_number":0,"_links":{"self":[{"href":"https:\/\/logopaed.cz\/home\/wp-json\/wp\/v2\/posts\/5740"}],"collection":[{"href":"https:\/\/logopaed.cz\/home\/wp-json\/wp\/v2\/posts"}],"about":[{"href":"https:\/\/logopaed.cz\/home\/wp-json\/wp\/v2\/types\/post"}],"author":[{"embeddable":true,"href":"https:\/\/logopaed.cz\/home\/wp-json\/wp\/v2\/users\/10"}],"replies":[{"embeddable":true,"href":"https:\/\/logopaed.cz\/home\/wp-json\/wp\/v2\/comments?post=5740"}],"version-history":[{"count":2,"href":"https:\/\/logopaed.cz\/home\/wp-json\/wp\/v2\/posts\/5740\/revisions"}],"predecessor-version":[{"id":5747,"href":"https:\/\/logopaed.cz\/home\/wp-json\/wp\/v2\/posts\/5740\/revisions\/5747"}],"wp:featuredmedia":[{"embeddable":true,"href":"https:\/\/logopaed.cz\/home\/wp-json\/wp\/v2\/media\/5741"}],"wp:attachment":[{"href":"https:\/\/logopaed.cz\/home\/wp-json\/wp\/v2\/media?parent=5740"}],"wp:term":[{"taxonomy":"category","embeddable":true,"href":"https:\/\/logopaed.cz\/home\/wp-json\/wp\/v2\/categories?post=5740"},{"taxonomy":"post_tag","embeddable":true,"href":"https:\/\/logopaed.cz\/home\/wp-json\/wp\/v2\/tags?post=5740"},{"taxonomy":"post_folder","embeddable":true,"href":"https:\/\/logopaed.cz\/home\/wp-json\/wp\/v2\/post_folder?post=5740"}],"curies":[{"name":"wp","href":"https:\/\/api.w.org\/{rel}","templated":true}]}}