{"id":5115,"date":"2025-03-03T13:35:07","date_gmt":"2025-03-03T13:35:07","guid":{"rendered":"https:\/\/logopaed.cz\/home\/?p=5115"},"modified":"2025-03-03T13:35:08","modified_gmt":"2025-03-03T13:35:08","slug":"akce-v-mesici-breznu-3","status":"publish","type":"post","link":"https:\/\/logopaed.cz\/home\/obecne\/materska-skola-mosnerova\/akce-v-mesici-breznu-3\/","title":{"rendered":"Akce v m\u011bs\u00edci b\u0159eznu"},"content":{"rendered":"\n<p>3. 3. Muzikoterapie s pan\u00ed Tomkovou v na\u0161\u00ed M\u0160<\/p>\n\n\n\n<p>7. 3. Canisterapie- zlat\u00fd retr\u00edvr Erny<\/p>\n\n\n\n<p>17. 3. Canisterapie &#8211; pudl\u00edci<\/p>\n\n\n\n<p>21. 3. FORMODEL- n\u00e1v\u0161t\u011bva v\u00fdstavy model\u016f na v\u00fdstavi\u0161ti Flora<\/p>\n\n\n\n<p>25. 3. <strong>V\u011btrn\u00e1 poh\u00e1dka<\/strong> &#8211; divadeln\u00ed p\u0159edstaven\u00ed v Divadle MU<\/p>\n\n\n\n<p><\/p>\n\n\n\n<p><strong>ODEMYK\u00c1N\u00cd ZAHRADY<\/strong>&#8211; v\u00edt\u00e1me jaro dopolednem str\u00e1ven\u00fdm na zahrad\u011b &#8211; zamet\u00e1n\u00ed, osazov\u00e1n\u00ed truhl\u00edk\u016f, p\u0159\u00edprava h\u0159i\u0161t\u011b a p\u00edskovi\u0161t\u011b <em>(dle po\u010das\u00ed )<\/em><\/p>\n\n\n\n<p><\/p>\n\n\n\n<p><strong>Olomouck\u00fd HARCOVN\u00cdK-<\/strong> putov\u00e1n\u00ed za co nejv\u011bt\u0161\u00edm mno\u017estv\u00edm dopravn\u00edch prost\u0159edk\u016f m\u011bsta Olomouce (dle po\u010das\u00ed a dal\u0161\u00edho programu M\u0160)<\/p>\n\n\n\n<figure class=\"wp-block-image size-large\"><img decoding=\"async\" loading=\"lazy\" width=\"1024\" height=\"768\" src=\"https:\/\/logopaed.cz\/wp-content\/uploads\/2023\/03\/IMG-20230317-WA0037-1024x768.jpg\" alt=\"\" class=\"wp-image-2574\" srcset=\"https:\/\/logopaed.cz\/wp-content\/uploads\/2023\/03\/IMG-20230317-WA0037-1024x768.jpg 1024w, https:\/\/logopaed.cz\/wp-content\/uploads\/2023\/03\/IMG-20230317-WA0037-300x225.jpg 300w, https:\/\/logopaed.cz\/wp-content\/uploads\/2023\/03\/IMG-20230317-WA0037-768x576.jpg 768w, https:\/\/logopaed.cz\/wp-content\/uploads\/2023\/03\/IMG-20230317-WA0037-1536x1152.jpg 1536w, https:\/\/logopaed.cz\/wp-content\/uploads\/2023\/03\/IMG-20230317-WA0037.jpg 2000w\" sizes=\"(max-width: 1024px) 100vw, 1024px\" \/><\/figure>\n<div class=\"gsp_post_data\" data-post_type=\"post\" data-cat=\"materska-skola-mosnerova\" data-modified=\"120\" data-title=\"Akce v m\u011bs\u00edci b\u0159eznu\" data-home=\"https:\/\/logopaed.cz\/home\"><\/div>","protected":false},"excerpt":{"rendered":"<p>3. 3. Muzikoterapie s pan\u00ed Tomkovou v na\u0161\u00ed M\u0160 7. 3. Canisterapie- zlat\u00fd retr\u00edvr Erny 17. 3. Canisterapie &#8211; pudl\u00edci 21. 3. FORMODEL- n\u00e1v\u0161t\u011bva v\u00fdstavy model\u016f na v\u00fdstavi\u0161ti Flora 25. 3. V\u011btrn\u00e1 poh\u00e1dka &#8211; divadeln\u00ed p\u0159edstaven\u00ed v Divadle MU ODEMYK\u00c1N\u00cd ZAHRADY&#8211; v\u00edt\u00e1me jaro dopolednem str\u00e1ven\u00fdm na zahrad\u011b &#8211; zamet\u00e1n\u00ed, osazov\u00e1n\u00ed truhl\u00edk\u016f, p\u0159\u00edprava h\u0159i\u0161t\u011b a p\u00edskovi\u0161t\u011b (dle po\u010das\u00ed ) Olomouck\u00fd HARCOVN\u00cdK- putov\u00e1n\u00ed za co nejv\u011bt\u0161\u00edm mno\u017estv\u00edm dopravn\u00edch prost\u0159edk\u016f m\u011bsta Olomouce (dle po\u010das\u00ed a dal\u0161\u00edho programu M\u0160)<\/p>\n","protected":false},"author":17,"featured_media":5116,"comment_status":"closed","ping_status":"closed","sticky":false,"template":"","format":"standard","meta":[],"categories":[8],"tags":[],"post_folder":[],"blog_post_layout_featured_media_urls":{"thumbnail":["https:\/\/logopaed.cz\/wp-content\/uploads\/2025\/03\/istockphoto-938669962-612x612-1-150x150.jpg",150,150,true],"full":["https:\/\/logopaed.cz\/wp-content\/uploads\/2025\/03\/istockphoto-938669962-612x612-1.jpg",612,300,false]},"categories_names":{"8":{"name":"Mate\u0159sk\u00e1 \u0161kola Mo\u0161nerova","link":"https:\/\/logopaed.cz\/home\/category\/obecne\/materska-skola-mosnerova\/"}},"tags_names":[],"comments_number":0,"_links":{"self":[{"href":"https:\/\/logopaed.cz\/home\/wp-json\/wp\/v2\/posts\/5115"}],"collection":[{"href":"https:\/\/logopaed.cz\/home\/wp-json\/wp\/v2\/posts"}],"about":[{"href":"https:\/\/logopaed.cz\/home\/wp-json\/wp\/v2\/types\/post"}],"author":[{"embeddable":true,"href":"https:\/\/logopaed.cz\/home\/wp-json\/wp\/v2\/users\/17"}],"replies":[{"embeddable":true,"href":"https:\/\/logopaed.cz\/home\/wp-json\/wp\/v2\/comments?post=5115"}],"version-history":[{"count":3,"href":"https:\/\/logopaed.cz\/home\/wp-json\/wp\/v2\/posts\/5115\/revisions"}],"predecessor-version":[{"id":5120,"href":"https:\/\/logopaed.cz\/home\/wp-json\/wp\/v2\/posts\/5115\/revisions\/5120"}],"wp:featuredmedia":[{"embeddable":true,"href":"https:\/\/logopaed.cz\/home\/wp-json\/wp\/v2\/media\/5116"}],"wp:attachment":[{"href":"https:\/\/logopaed.cz\/home\/wp-json\/wp\/v2\/media?parent=5115"}],"wp:term":[{"taxonomy":"category","embeddable":true,"href":"https:\/\/logopaed.cz\/home\/wp-json\/wp\/v2\/categories?post=5115"},{"taxonomy":"post_tag","embeddable":true,"href":"https:\/\/logopaed.cz\/home\/wp-json\/wp\/v2\/tags?post=5115"},{"taxonomy":"post_folder","embeddable":true,"href":"https:\/\/logopaed.cz\/home\/wp-json\/wp\/v2\/post_folder?post=5115"}],"curies":[{"name":"wp","href":"https:\/\/api.w.org\/{rel}","templated":true}]}}