{"id":5097,"date":"2025-02-27T14:10:24","date_gmt":"2025-02-27T14:10:24","guid":{"rendered":"https:\/\/logopaed.cz\/home\/?p=5097"},"modified":"2025-02-27T14:10:25","modified_gmt":"2025-02-27T14:10:25","slug":"priprava-na-jaro-vrcholi","status":"publish","type":"post","link":"https:\/\/logopaed.cz\/home\/obecne\/priprava-na-jaro-vrcholi\/","title":{"rendered":"P\u0159\u00edprava na jaro vrchol\u00ed"},"content":{"rendered":"\n<div class=\"wp-block-media-text alignwide is-stacked-on-mobile\" style=\"grid-template-columns:37% auto\"><figure class=\"wp-block-media-text__media\"><img decoding=\"async\" loading=\"lazy\" width=\"577\" height=\"1024\" src=\"https:\/\/logopaed.cz\/wp-content\/uploads\/2025\/02\/20250224_143530-1-577x1024.jpg\" alt=\"\" class=\"wp-image-5098 size-full\" srcset=\"https:\/\/logopaed.cz\/wp-content\/uploads\/2025\/02\/20250224_143530-1-577x1024.jpg 577w, https:\/\/logopaed.cz\/wp-content\/uploads\/2025\/02\/20250224_143530-1-169x300.jpg 169w, https:\/\/logopaed.cz\/wp-content\/uploads\/2025\/02\/20250224_143530-1-768x1364.jpg 768w, https:\/\/logopaed.cz\/wp-content\/uploads\/2025\/02\/20250224_143530-1-865x1536.jpg 865w, https:\/\/logopaed.cz\/wp-content\/uploads\/2025\/02\/20250224_143530-1-1153x2048.jpg 1153w, https:\/\/logopaed.cz\/wp-content\/uploads\/2025\/02\/20250224_143530-1-scaled.jpg 1441w\" sizes=\"(max-width: 577px) 100vw, 577px\" \/><\/figure><div class=\"wp-block-media-text__content\">\n<p>\u017d\u00e1ci IX. B se pustili do p\u0159\u00edpravy \u0161koln\u00edho sklen\u00edku na jarn\u00ed setbu. D\u011bti sklen\u00edk umyly ze v\u0161ech stran a kluci nachystali&nbsp; zeminu pro rostliny. Te\u010f u\u017e jsme p\u0159ipraveni a jaro netrp\u011bliv\u011b vyhl\u00ed\u017e\u00edme! \ud83c\udf31\ud83c\udf38<\/p>\n<\/div><\/div>\n<div class=\"gsp_post_data\" data-post_type=\"post\" data-cat=\"obecne,zs-logopedicka\" data-modified=\"120\" data-title=\"P\u0159\u00edprava na jaro vrchol\u00ed\" data-home=\"https:\/\/logopaed.cz\/home\"><\/div>","protected":false},"excerpt":{"rendered":"<p>\u017d\u00e1ci IX. B se pustili do p\u0159\u00edpravy \u0161koln\u00edho sklen\u00edku na jarn\u00ed setbu. D\u011bti sklen\u00edk umyly ze v\u0161ech stran a kluci nachystali&nbsp; zeminu pro rostliny. Te\u010f u\u017e jsme p\u0159ipraveni a jaro netrp\u011bliv\u011b vyhl\u00ed\u017e\u00edme! \ud83c\udf31\ud83c\udf38<\/p>\n","protected":false},"author":14,"featured_media":5099,"comment_status":"closed","ping_status":"closed","sticky":false,"template":"","format":"standard","meta":[],"categories":[4,5],"tags":[],"post_folder":[],"blog_post_layout_featured_media_urls":{"thumbnail":["https:\/\/logopaed.cz\/wp-content\/uploads\/2025\/02\/20250210_143809-150x150.jpg",150,150,true],"full":["https:\/\/logopaed.cz\/wp-content\/uploads\/2025\/02\/20250210_143809-scaled.jpg",2560,1441,false]},"categories_names":{"4":{"name":"Obecn\u00e9","link":"https:\/\/logopaed.cz\/home\/category\/obecne\/"},"5":{"name":"Z\u00e1kladn\u00ed \u0161kola logopedick\u00e1","link":"https:\/\/logopaed.cz\/home\/category\/obecne\/zs-logopedicka\/"}},"tags_names":[],"comments_number":0,"_links":{"self":[{"href":"https:\/\/logopaed.cz\/home\/wp-json\/wp\/v2\/posts\/5097"}],"collection":[{"href":"https:\/\/logopaed.cz\/home\/wp-json\/wp\/v2\/posts"}],"about":[{"href":"https:\/\/logopaed.cz\/home\/wp-json\/wp\/v2\/types\/post"}],"author":[{"embeddable":true,"href":"https:\/\/logopaed.cz\/home\/wp-json\/wp\/v2\/users\/14"}],"replies":[{"embeddable":true,"href":"https:\/\/logopaed.cz\/home\/wp-json\/wp\/v2\/comments?post=5097"}],"version-history":[{"count":2,"href":"https:\/\/logopaed.cz\/home\/wp-json\/wp\/v2\/posts\/5097\/revisions"}],"predecessor-version":[{"id":5111,"href":"https:\/\/logopaed.cz\/home\/wp-json\/wp\/v2\/posts\/5097\/revisions\/5111"}],"wp:featuredmedia":[{"embeddable":true,"href":"https:\/\/logopaed.cz\/home\/wp-json\/wp\/v2\/media\/5099"}],"wp:attachment":[{"href":"https:\/\/logopaed.cz\/home\/wp-json\/wp\/v2\/media?parent=5097"}],"wp:term":[{"taxonomy":"category","embeddable":true,"href":"https:\/\/logopaed.cz\/home\/wp-json\/wp\/v2\/categories?post=5097"},{"taxonomy":"post_tag","embeddable":true,"href":"https:\/\/logopaed.cz\/home\/wp-json\/wp\/v2\/tags?post=5097"},{"taxonomy":"post_folder","embeddable":true,"href":"https:\/\/logopaed.cz\/home\/wp-json\/wp\/v2\/post_folder?post=5097"}],"curies":[{"name":"wp","href":"https:\/\/api.w.org\/{rel}","templated":true}]}}