{"id":5068,"date":"2025-02-25T12:26:12","date_gmt":"2025-02-25T12:26:12","guid":{"rendered":"https:\/\/logopaed.cz\/home\/?p=5068"},"modified":"2025-02-25T12:26:13","modified_gmt":"2025-02-25T12:26:13","slug":"den-matematiky","status":"publish","type":"post","link":"https:\/\/logopaed.cz\/home\/obecne\/zs-logopedicka\/den-matematiky\/","title":{"rendered":"DEN MATEMATIKY"},"content":{"rendered":"\n<p>\u017d\u00e1ci na\u0161\u00ed \u0161koly, IV. a\u017e IX. t\u0159\u00edd se spole\u010dn\u011b se sv\u00fdmi u\u010diteli rozhodli oslavit Den matematiky (14. 3.) o t\u00fdden d\u0159\u00edv. Vyu\u010duj\u00edc\u00ed matematiky si pro n\u011b p\u0159ipravili z\u00e1bavn\u00e1 stanovi\u0161t\u011b, na kter\u00fdch budou \u017e\u00e1ci \u0159e\u0161it netradi\u010dn\u00ed matematick\u00e9 \u00falohy, kv\u00edzy a pracovat <br>s roboty a jinou nev\u0161edn\u00ed technikou. Matematiko, k Tv\u00e9mu sv\u00e1tku Ti p\u0159ejeme v\u0161e nejlep\u0161\u00ed!<\/p>\n\n\n\n<p><\/p>\n\n\n\n<figure class=\"wp-block-image size-full\"><img decoding=\"async\" loading=\"lazy\" width=\"612\" height=\"813\" src=\"https:\/\/logopaed.cz\/wp-content\/uploads\/2025\/02\/plakat-matem.jpg\" alt=\"\" class=\"wp-image-5069\" srcset=\"https:\/\/logopaed.cz\/wp-content\/uploads\/2025\/02\/plakat-matem.jpg 612w, https:\/\/logopaed.cz\/wp-content\/uploads\/2025\/02\/plakat-matem-226x300.jpg 226w\" sizes=\"(max-width: 612px) 100vw, 612px\" \/><\/figure>\n<div class=\"gsp_post_data\" data-post_type=\"post\" data-cat=\"zs-logopedicka\" data-modified=\"120\" data-title=\"DEN MATEMATIKY\" data-home=\"https:\/\/logopaed.cz\/home\"><\/div>","protected":false},"excerpt":{"rendered":"<p>\u017d\u00e1ci na\u0161\u00ed \u0161koly, IV. a\u017e IX. t\u0159\u00edd se spole\u010dn\u011b se sv\u00fdmi u\u010diteli rozhodli oslavit Den matematiky (14. 3.) o t\u00fdden d\u0159\u00edv. Vyu\u010duj\u00edc\u00ed matematiky si pro n\u011b p\u0159ipravili z\u00e1bavn\u00e1 stanovi\u0161t\u011b, na kter\u00fdch budou \u017e\u00e1ci \u0159e\u0161it netradi\u010dn\u00ed matematick\u00e9 \u00falohy, kv\u00edzy a pracovat s roboty a jinou nev\u0161edn\u00ed technikou. Matematiko, k Tv\u00e9mu sv\u00e1tku Ti p\u0159ejeme v\u0161e nejlep\u0161\u00ed!<\/p>\n","protected":false},"author":6,"featured_media":5069,"comment_status":"closed","ping_status":"closed","sticky":false,"template":"","format":"standard","meta":[],"categories":[5],"tags":[],"post_folder":[],"blog_post_layout_featured_media_urls":{"thumbnail":["https:\/\/logopaed.cz\/wp-content\/uploads\/2025\/02\/plakat-matem-150x150.jpg",150,150,true],"full":["https:\/\/logopaed.cz\/wp-content\/uploads\/2025\/02\/plakat-matem.jpg",612,813,false]},"categories_names":{"5":{"name":"Z\u00e1kladn\u00ed \u0161kola logopedick\u00e1","link":"https:\/\/logopaed.cz\/home\/category\/obecne\/zs-logopedicka\/"}},"tags_names":[],"comments_number":0,"_links":{"self":[{"href":"https:\/\/logopaed.cz\/home\/wp-json\/wp\/v2\/posts\/5068"}],"collection":[{"href":"https:\/\/logopaed.cz\/home\/wp-json\/wp\/v2\/posts"}],"about":[{"href":"https:\/\/logopaed.cz\/home\/wp-json\/wp\/v2\/types\/post"}],"author":[{"embeddable":true,"href":"https:\/\/logopaed.cz\/home\/wp-json\/wp\/v2\/users\/6"}],"replies":[{"embeddable":true,"href":"https:\/\/logopaed.cz\/home\/wp-json\/wp\/v2\/comments?post=5068"}],"version-history":[{"count":1,"href":"https:\/\/logopaed.cz\/home\/wp-json\/wp\/v2\/posts\/5068\/revisions"}],"predecessor-version":[{"id":5070,"href":"https:\/\/logopaed.cz\/home\/wp-json\/wp\/v2\/posts\/5068\/revisions\/5070"}],"wp:featuredmedia":[{"embeddable":true,"href":"https:\/\/logopaed.cz\/home\/wp-json\/wp\/v2\/media\/5069"}],"wp:attachment":[{"href":"https:\/\/logopaed.cz\/home\/wp-json\/wp\/v2\/media?parent=5068"}],"wp:term":[{"taxonomy":"category","embeddable":true,"href":"https:\/\/logopaed.cz\/home\/wp-json\/wp\/v2\/categories?post=5068"},{"taxonomy":"post_tag","embeddable":true,"href":"https:\/\/logopaed.cz\/home\/wp-json\/wp\/v2\/tags?post=5068"},{"taxonomy":"post_folder","embeddable":true,"href":"https:\/\/logopaed.cz\/home\/wp-json\/wp\/v2\/post_folder?post=5068"}],"curies":[{"name":"wp","href":"https:\/\/api.w.org\/{rel}","templated":true}]}}