{"id":4686,"date":"2024-11-28T14:20:19","date_gmt":"2024-11-28T14:20:19","guid":{"rendered":"https:\/\/logopaed.cz\/home\/?p=4686"},"modified":"2024-12-04T07:56:49","modified_gmt":"2024-12-04T07:56:49","slug":"florianek","status":"publish","type":"post","link":"https:\/\/logopaed.cz\/home\/obecne\/zs-logopedicka\/florianek\/","title":{"rendered":"FLORI\u00c1NEK"},"content":{"rendered":"\n<p>V\u00e1no\u010dn\u00edmu stromku na Horn\u00edm n\u00e1m\u011bst\u00ed v Olomouci vymyslely jm\u00e9no d\u011bti z na\u0161\u00ed \u0161koln\u00ed dru\u017einy. Z\u00fa\u010dastnily se sout\u011b\u017ee Magistr\u00e1tu m\u011bsta Olomouce s n\u00e1zvem Pojmenuj v\u00e1no\u010dn\u00ed strom a VYHR\u00c1LY. Vytvo\u0159ily obr\u00e1zek a strome\u010dek pojmenovaly FLORI\u00c1NEK, proto\u017ee jej vyp\u011bstovali ve Florcentru v Olomouci. Z 237 z\u00fa\u010dastn\u011bn\u00fdch \u0161kol zv\u00edt\u011bzila pr\u00e1v\u011b ta na\u0161e!!! D\u011bti z 2. odd\u011blen\u00ed \u0160D si p\u0159i\u0161ly pro odm\u011bny v ned\u011bli 24. listopadu t\u011bsn\u011b p\u0159ed slavnostn\u00edm rozsv\u00edcen\u00edm olomouck\u00e9ho Flori\u00e1nka.<\/p>\n\n\n\n<figure class=\"wp-block-image size-large\"><img decoding=\"async\" loading=\"lazy\" width=\"1024\" height=\"683\" src=\"https:\/\/logopaed.cz\/wp-content\/uploads\/2024\/11\/A7_04488-1024x683.jpg\" alt=\"\" class=\"wp-image-4687\" srcset=\"https:\/\/logopaed.cz\/wp-content\/uploads\/2024\/11\/A7_04488-1024x683.jpg 1024w, https:\/\/logopaed.cz\/wp-content\/uploads\/2024\/11\/A7_04488-300x200.jpg 300w, https:\/\/logopaed.cz\/wp-content\/uploads\/2024\/11\/A7_04488-768x512.jpg 768w, https:\/\/logopaed.cz\/wp-content\/uploads\/2024\/11\/A7_04488-1536x1024.jpg 1536w, https:\/\/logopaed.cz\/wp-content\/uploads\/2024\/11\/A7_04488-2048x1365.jpg 2048w\" sizes=\"(max-width: 1024px) 100vw, 1024px\" \/><\/figure>\n\n\n\n<figure class=\"wp-block-image size-large\"><img decoding=\"async\" loading=\"lazy\" width=\"576\" height=\"1024\" src=\"https:\/\/logopaed.cz\/wp-content\/uploads\/2024\/12\/Florianek-pribeh-576x1024.jpg\" alt=\"\" class=\"wp-image-4720\" srcset=\"https:\/\/logopaed.cz\/wp-content\/uploads\/2024\/12\/Florianek-pribeh-576x1024.jpg 576w, https:\/\/logopaed.cz\/wp-content\/uploads\/2024\/12\/Florianek-pribeh-169x300.jpg 169w, https:\/\/logopaed.cz\/wp-content\/uploads\/2024\/12\/Florianek-pribeh-768x1365.jpg 768w, https:\/\/logopaed.cz\/wp-content\/uploads\/2024\/12\/Florianek-pribeh-864x1536.jpg 864w, https:\/\/logopaed.cz\/wp-content\/uploads\/2024\/12\/Florianek-pribeh.jpg 1080w\" sizes=\"(max-width: 576px) 100vw, 576px\" \/><\/figure>\n<div class=\"gsp_post_data\" data-post_type=\"post\" data-cat=\"zs-logopedicka,skolni-druzina\" data-modified=\"120\" data-title=\"FLORI\u00c1NEK\" data-home=\"https:\/\/logopaed.cz\/home\"><\/div>","protected":false},"excerpt":{"rendered":"<p>V\u00e1no\u010dn\u00edmu stromku na Horn\u00edm n\u00e1m\u011bst\u00ed v Olomouci vymyslely jm\u00e9no d\u011bti z na\u0161\u00ed \u0161koln\u00ed dru\u017einy. Z\u00fa\u010dastnily se sout\u011b\u017ee Magistr\u00e1tu m\u011bsta Olomouce s n\u00e1zvem Pojmenuj v\u00e1no\u010dn\u00ed strom a VYHR\u00c1LY. Vytvo\u0159ily obr\u00e1zek a strome\u010dek pojmenovaly FLORI\u00c1NEK, proto\u017ee jej vyp\u011bstovali ve Florcentru v Olomouci. Z 237 z\u00fa\u010dastn\u011bn\u00fdch \u0161kol zv\u00edt\u011bzila pr\u00e1v\u011b ta na\u0161e!!! D\u011bti z 2. odd\u011blen\u00ed \u0160D si p\u0159i\u0161ly pro odm\u011bny v ned\u011bli 24. listopadu t\u011bsn\u011b p\u0159ed slavnostn\u00edm rozsv\u00edcen\u00edm olomouck\u00e9ho Flori\u00e1nka.<\/p>\n","protected":false},"author":6,"featured_media":4688,"comment_status":"closed","ping_status":"closed","sticky":false,"template":"","format":"standard","meta":[],"categories":[5,43],"tags":[],"post_folder":[],"blog_post_layout_featured_media_urls":{"thumbnail":["https:\/\/logopaed.cz\/wp-content\/uploads\/2024\/11\/A7_04532-150x150.jpg",150,150,true],"full":["https:\/\/logopaed.cz\/wp-content\/uploads\/2024\/11\/A7_04532-scaled.jpg",2560,1707,false]},"categories_names":{"5":{"name":"Z\u00e1kladn\u00ed \u0161kola logopedick\u00e1","link":"https:\/\/logopaed.cz\/home\/category\/obecne\/zs-logopedicka\/"},"43":{"name":"\u0160koln\u00ed dru\u017eina","link":"https:\/\/logopaed.cz\/home\/category\/obecne\/skolni-druzina\/"}},"tags_names":[],"comments_number":0,"_links":{"self":[{"href":"https:\/\/logopaed.cz\/home\/wp-json\/wp\/v2\/posts\/4686"}],"collection":[{"href":"https:\/\/logopaed.cz\/home\/wp-json\/wp\/v2\/posts"}],"about":[{"href":"https:\/\/logopaed.cz\/home\/wp-json\/wp\/v2\/types\/post"}],"author":[{"embeddable":true,"href":"https:\/\/logopaed.cz\/home\/wp-json\/wp\/v2\/users\/6"}],"replies":[{"embeddable":true,"href":"https:\/\/logopaed.cz\/home\/wp-json\/wp\/v2\/comments?post=4686"}],"version-history":[{"count":2,"href":"https:\/\/logopaed.cz\/home\/wp-json\/wp\/v2\/posts\/4686\/revisions"}],"predecessor-version":[{"id":4721,"href":"https:\/\/logopaed.cz\/home\/wp-json\/wp\/v2\/posts\/4686\/revisions\/4721"}],"wp:featuredmedia":[{"embeddable":true,"href":"https:\/\/logopaed.cz\/home\/wp-json\/wp\/v2\/media\/4688"}],"wp:attachment":[{"href":"https:\/\/logopaed.cz\/home\/wp-json\/wp\/v2\/media?parent=4686"}],"wp:term":[{"taxonomy":"category","embeddable":true,"href":"https:\/\/logopaed.cz\/home\/wp-json\/wp\/v2\/categories?post=4686"},{"taxonomy":"post_tag","embeddable":true,"href":"https:\/\/logopaed.cz\/home\/wp-json\/wp\/v2\/tags?post=4686"},{"taxonomy":"post_folder","embeddable":true,"href":"https:\/\/logopaed.cz\/home\/wp-json\/wp\/v2\/post_folder?post=4686"}],"curies":[{"name":"wp","href":"https:\/\/api.w.org\/{rel}","templated":true}]}}