{"id":4626,"date":"2024-11-27T08:01:08","date_gmt":"2024-11-27T08:01:08","guid":{"rendered":"https:\/\/logopaed.cz\/home\/?p=4626"},"modified":"2024-12-02T17:57:02","modified_gmt":"2024-12-02T17:57:02","slug":"scholaris","status":"publish","type":"post","link":"https:\/\/logopaed.cz\/home\/obecne\/scholaris\/","title":{"rendered":"Scholaris"},"content":{"rendered":"\n<div class=\"wp-block-media-text alignwide is-stacked-on-mobile\"><figure class=\"wp-block-media-text__media\"><img decoding=\"async\" loading=\"lazy\" width=\"768\" height=\"1024\" src=\"https:\/\/logopaed.cz\/wp-content\/uploads\/2024\/11\/IMG-20241121-WA0005-768x1024.jpg\" alt=\"\" class=\"wp-image-4630 size-full\" srcset=\"https:\/\/logopaed.cz\/wp-content\/uploads\/2024\/11\/IMG-20241121-WA0005-768x1024.jpg 768w, https:\/\/logopaed.cz\/wp-content\/uploads\/2024\/11\/IMG-20241121-WA0005-225x300.jpg 225w, https:\/\/logopaed.cz\/wp-content\/uploads\/2024\/11\/IMG-20241121-WA0005-1152x1536.jpg 1152w, https:\/\/logopaed.cz\/wp-content\/uploads\/2024\/11\/IMG-20241121-WA0005.jpg 1536w\" sizes=\"(max-width: 768px) 100vw, 768px\" \/><\/figure><div class=\"wp-block-media-text__content\">\n<p>\u017d\u00e1ci 8. a 9. ro\u010dn\u00edku se z\u00fa\u010dastnili p\u0159ehl\u00eddky st\u0159edn\u00edch \u0161kol Olomouck\u00e9ho kraje, kter\u00e1 nese n\u00e1zev Scholaris. Tato akce jim nab\u00eddla jedine\u010dnou p\u0159\u00edle\u017eitost z\u00edskat p\u0159ehled o \u0161irok\u00e9 \u0161k\u00e1le u\u010debn\u00edch i studijn\u00edch obor\u016f, je\u017e st\u0159edn\u00ed \u0161koly v regionu nab\u00edzej\u00ed. B\u011bhem p\u0159ehl\u00eddky mohli nejen objevovat mo\u017enosti dal\u0161\u00edho vzd\u011bl\u00e1v\u00e1n\u00ed, ale tak\u00e9 vyu\u017e\u00edt mo\u017enost osobn\u011b se zeptat z\u00e1stupc\u016f jednotliv\u00fdch \u0161kol na v\u0161echny ot\u00e1zky, kter\u00e9 je zaj\u00edmaly. Akce tak byla skv\u011blou p\u0159\u00edle\u017eitost\u00ed k tomu, aby si \u017e\u00e1ci ujasnili sv\u00e9 p\u0159edstavy o budouc\u00edm studiu a l\u00e9pe se rozhodli, kter\u00e1 cesta je pro n\u011b ta prav\u00e1.<\/p>\n<\/div><\/div>\n<div class=\"gsp_post_data\" data-post_type=\"post\" data-cat=\"obecne,zs-logopedicka\" data-modified=\"120\" data-title=\"Scholaris\" data-home=\"https:\/\/logopaed.cz\/home\"><\/div>","protected":false},"excerpt":{"rendered":"<p>\u017d\u00e1ci 8. a 9. ro\u010dn\u00edku se z\u00fa\u010dastnili p\u0159ehl\u00eddky st\u0159edn\u00edch \u0161kol Olomouck\u00e9ho kraje, kter\u00e1 nese n\u00e1zev Scholaris. Tato akce jim nab\u00eddla jedine\u010dnou p\u0159\u00edle\u017eitost z\u00edskat p\u0159ehled o \u0161irok\u00e9 \u0161k\u00e1le u\u010debn\u00edch i studijn\u00edch obor\u016f, je\u017e st\u0159edn\u00ed \u0161koly v regionu nab\u00edzej\u00ed. B\u011bhem p\u0159ehl\u00eddky mohli nejen objevovat mo\u017enosti dal\u0161\u00edho vzd\u011bl\u00e1v\u00e1n\u00ed, ale tak\u00e9 vyu\u017e\u00edt mo\u017enost osobn\u011b se zeptat z\u00e1stupc\u016f jednotliv\u00fdch \u0161kol na v\u0161echny ot\u00e1zky, kter\u00e9 je zaj\u00edmaly. Akce tak byla skv\u011blou p\u0159\u00edle\u017eitost\u00ed k tomu, aby si \u017e\u00e1ci ujasnili sv\u00e9 p\u0159edstavy o budouc\u00edm studiu a l\u00e9pe se rozhodli, kter\u00e1 cesta je pro [&hellip;]<\/p>\n","protected":false},"author":14,"featured_media":4628,"comment_status":"closed","ping_status":"closed","sticky":false,"template":"","format":"standard","meta":[],"categories":[4,5],"tags":[],"post_folder":[],"blog_post_layout_featured_media_urls":{"thumbnail":["https:\/\/logopaed.cz\/wp-content\/uploads\/2024\/11\/20241120_085503-150x150.jpg",150,150,true],"full":["https:\/\/logopaed.cz\/wp-content\/uploads\/2024\/11\/20241120_085503-scaled.jpg",2560,1441,false]},"categories_names":{"4":{"name":"Obecn\u00e9","link":"https:\/\/logopaed.cz\/home\/category\/obecne\/"},"5":{"name":"Z\u00e1kladn\u00ed \u0161kola logopedick\u00e1","link":"https:\/\/logopaed.cz\/home\/category\/obecne\/zs-logopedicka\/"}},"tags_names":[],"comments_number":0,"_links":{"self":[{"href":"https:\/\/logopaed.cz\/home\/wp-json\/wp\/v2\/posts\/4626"}],"collection":[{"href":"https:\/\/logopaed.cz\/home\/wp-json\/wp\/v2\/posts"}],"about":[{"href":"https:\/\/logopaed.cz\/home\/wp-json\/wp\/v2\/types\/post"}],"author":[{"embeddable":true,"href":"https:\/\/logopaed.cz\/home\/wp-json\/wp\/v2\/users\/14"}],"replies":[{"embeddable":true,"href":"https:\/\/logopaed.cz\/home\/wp-json\/wp\/v2\/comments?post=4626"}],"version-history":[{"count":3,"href":"https:\/\/logopaed.cz\/home\/wp-json\/wp\/v2\/posts\/4626\/revisions"}],"predecessor-version":[{"id":4675,"href":"https:\/\/logopaed.cz\/home\/wp-json\/wp\/v2\/posts\/4626\/revisions\/4675"}],"wp:featuredmedia":[{"embeddable":true,"href":"https:\/\/logopaed.cz\/home\/wp-json\/wp\/v2\/media\/4628"}],"wp:attachment":[{"href":"https:\/\/logopaed.cz\/home\/wp-json\/wp\/v2\/media?parent=4626"}],"wp:term":[{"taxonomy":"category","embeddable":true,"href":"https:\/\/logopaed.cz\/home\/wp-json\/wp\/v2\/categories?post=4626"},{"taxonomy":"post_tag","embeddable":true,"href":"https:\/\/logopaed.cz\/home\/wp-json\/wp\/v2\/tags?post=4626"},{"taxonomy":"post_folder","embeddable":true,"href":"https:\/\/logopaed.cz\/home\/wp-json\/wp\/v2\/post_folder?post=4626"}],"curies":[{"name":"wp","href":"https:\/\/api.w.org\/{rel}","templated":true}]}}