{"id":4616,"date":"2024-11-27T07:58:37","date_gmt":"2024-11-27T07:58:37","guid":{"rendered":"https:\/\/logopaed.cz\/home\/?p=4616"},"modified":"2024-12-02T17:57:02","modified_gmt":"2024-12-02T17:57:02","slug":"den-kucharu-a-kucharek-2","status":"publish","type":"post","link":"https:\/\/logopaed.cz\/home\/obecne\/den-kucharu-a-kucharek-2\/","title":{"rendered":"Den kucha\u0159\u016f a kucha\u0159ek"},"content":{"rendered":"\n<p>V pond\u011bl\u00ed 11. listopadu se na\u0161e \u0161kola zapojila do projektu&nbsp;<strong>Hrd\u00e1 \u0161kola<\/strong>&nbsp;a uspo\u0159\u00e1dala speci\u00e1ln\u00ed akci na oslavu a pod\u011bkov\u00e1n\u00ed na\u0161im skv\u011bl\u00fdm kucha\u0159k\u00e1m, kter\u00e9 ka\u017ed\u00fd den s l\u00e1skou p\u0159ipravuj\u00ed ob\u011bdy pro v\u0161echny \u017e\u00e1ky i u\u010ditele. <\/p>\n\n\n\n<p>\u017d\u00e1ci 1.\u20137. t\u0159\u00edd pom\u00e1hali \u0161kr\u00e1bat brambory na bramborovou ka\u0161i a mrkev na mrkvov\u00fd sal\u00e1t, zat\u00edmco star\u0161\u00ed d\u011bti z 8. a 9. ro\u010d. vyr\u00e1b\u011bly lahodn\u00e9 karban\u00e1tky. Spole\u010dn\u00fdmi silami vzniklo v\u00fdte\u010dn\u00e9 menu, kter\u00e9 si v\u0161ichni s radost\u00ed vychutnali \u2013 n\u011bkte\u0159\u00ed si dokonce chodili p\u0159idat!<\/p>\n\n\n\n<p>B\u011bhem v\u00fduky jsme t\u00e9ma brambor vyu\u017eili k u\u010den\u00ed \u2013 d\u011bti v\u00e1\u017eily, m\u011b\u0159ily, po\u010d\u00edtaly i tvo\u0159ily. <\/p>\n\n\n\n<p>D\u011bkujeme na\u0161im kucha\u0159k\u00e1m za jejich ka\u017edodenn\u00ed p\u00e9\u010di a v\u0161em d\u011btem za jejich nad\u0161en\u00ed a pomoc. Bylo to kr\u00e1sn\u00e9 pond\u011bl\u00ed pln\u00e9 radosti, spolupr\u00e1ce a dobr\u00e9ho j\u00eddla!&nbsp;<\/p>\n\n\n\n<figure class=\"wp-block-gallery has-nested-images columns-default is-cropped wp-block-gallery-1 is-layout-flex\">\n<figure class=\"wp-block-image size-large\"><img decoding=\"async\" loading=\"lazy\" width=\"1024\" height=\"1016\" data-id=\"4621\"  src=\"https:\/\/logopaed.cz\/wp-content\/uploads\/2024\/11\/IMG_4732-1024x1016.jpg\" alt=\"\" class=\"wp-image-4621\" srcset=\"https:\/\/logopaed.cz\/wp-content\/uploads\/2024\/11\/IMG_4732-1024x1016.jpg 1024w, https:\/\/logopaed.cz\/wp-content\/uploads\/2024\/11\/IMG_4732-300x298.jpg 300w, https:\/\/logopaed.cz\/wp-content\/uploads\/2024\/11\/IMG_4732-150x150.jpg 150w, https:\/\/logopaed.cz\/wp-content\/uploads\/2024\/11\/IMG_4732-768x762.jpg 768w, https:\/\/logopaed.cz\/wp-content\/uploads\/2024\/11\/IMG_4732-1536x1523.jpg 1536w, https:\/\/logopaed.cz\/wp-content\/uploads\/2024\/11\/IMG_4732-2048x2031.jpg 2048w\" sizes=\"(max-width: 1024px) 100vw, 1024px\" \/><\/figure>\n\n\n\n<figure class=\"wp-block-image size-large\"><img decoding=\"async\" loading=\"lazy\" width=\"1024\" height=\"979\" data-id=\"4624\"  src=\"https:\/\/logopaed.cz\/wp-content\/uploads\/2024\/11\/IMG_4752-1024x979.jpg\" alt=\"\" class=\"wp-image-4624\" srcset=\"https:\/\/logopaed.cz\/wp-content\/uploads\/2024\/11\/IMG_4752-1024x979.jpg 1024w, https:\/\/logopaed.cz\/wp-content\/uploads\/2024\/11\/IMG_4752-300x287.jpg 300w, https:\/\/logopaed.cz\/wp-content\/uploads\/2024\/11\/IMG_4752-768x734.jpg 768w, https:\/\/logopaed.cz\/wp-content\/uploads\/2024\/11\/IMG_4752-1536x1469.jpg 1536w, https:\/\/logopaed.cz\/wp-content\/uploads\/2024\/11\/IMG_4752.jpg 1781w\" sizes=\"(max-width: 1024px) 100vw, 1024px\" \/><\/figure>\n\n\n\n<figure class=\"wp-block-image size-large\"><img decoding=\"async\" loading=\"lazy\" width=\"768\" height=\"1024\" data-id=\"4619\"  src=\"https:\/\/logopaed.cz\/wp-content\/uploads\/2024\/11\/20241111_093307722_iOS-768x1024.jpg\" alt=\"\" class=\"wp-image-4619\" srcset=\"https:\/\/logopaed.cz\/wp-content\/uploads\/2024\/11\/20241111_093307722_iOS-768x1024.jpg 768w, https:\/\/logopaed.cz\/wp-content\/uploads\/2024\/11\/20241111_093307722_iOS-225x300.jpg 225w, https:\/\/logopaed.cz\/wp-content\/uploads\/2024\/11\/20241111_093307722_iOS-1152x1536.jpg 1152w, https:\/\/logopaed.cz\/wp-content\/uploads\/2024\/11\/20241111_093307722_iOS-1536x2048.jpg 1536w, https:\/\/logopaed.cz\/wp-content\/uploads\/2024\/11\/20241111_093307722_iOS-scaled.jpg 1920w\" sizes=\"(max-width: 768px) 100vw, 768px\" \/><\/figure>\n\n\n\n<figure class=\"wp-block-image size-large\"><img decoding=\"async\" loading=\"lazy\" width=\"1024\" height=\"768\" data-id=\"4620\"  src=\"https:\/\/logopaed.cz\/wp-content\/uploads\/2024\/11\/IMG_4769-1024x768.jpg\" alt=\"\" class=\"wp-image-4620\" srcset=\"https:\/\/logopaed.cz\/wp-content\/uploads\/2024\/11\/IMG_4769-1024x768.jpg 1024w, https:\/\/logopaed.cz\/wp-content\/uploads\/2024\/11\/IMG_4769-300x225.jpg 300w, https:\/\/logopaed.cz\/wp-content\/uploads\/2024\/11\/IMG_4769-768x576.jpg 768w, https:\/\/logopaed.cz\/wp-content\/uploads\/2024\/11\/IMG_4769-1536x1152.jpg 1536w, https:\/\/logopaed.cz\/wp-content\/uploads\/2024\/11\/IMG_4769-2048x1536.jpg 2048w\" sizes=\"(max-width: 1024px) 100vw, 1024px\" \/><\/figure>\n\n\n\n<figure class=\"wp-block-image size-large\"><img decoding=\"async\" loading=\"lazy\" width=\"768\" height=\"1024\" data-id=\"4618\"  src=\"https:\/\/logopaed.cz\/wp-content\/uploads\/2024\/11\/20241111_093416546_iOS-768x1024.jpg\" alt=\"\" class=\"wp-image-4618\" srcset=\"https:\/\/logopaed.cz\/wp-content\/uploads\/2024\/11\/20241111_093416546_iOS-768x1024.jpg 768w, https:\/\/logopaed.cz\/wp-content\/uploads\/2024\/11\/20241111_093416546_iOS-225x300.jpg 225w, https:\/\/logopaed.cz\/wp-content\/uploads\/2024\/11\/20241111_093416546_iOS-1152x1536.jpg 1152w, https:\/\/logopaed.cz\/wp-content\/uploads\/2024\/11\/20241111_093416546_iOS-1536x2048.jpg 1536w, https:\/\/logopaed.cz\/wp-content\/uploads\/2024\/11\/20241111_093416546_iOS-scaled.jpg 1920w\" sizes=\"(max-width: 768px) 100vw, 768px\" \/><\/figure>\n\n\n\n<figure class=\"wp-block-image size-large\"><img decoding=\"async\" loading=\"lazy\" width=\"768\" height=\"1024\" data-id=\"4617\"  src=\"https:\/\/logopaed.cz\/wp-content\/uploads\/2024\/11\/IMG_4728-768x1024.jpg\" alt=\"\" class=\"wp-image-4617\" srcset=\"https:\/\/logopaed.cz\/wp-content\/uploads\/2024\/11\/IMG_4728-768x1024.jpg 768w, https:\/\/logopaed.cz\/wp-content\/uploads\/2024\/11\/IMG_4728-225x300.jpg 225w, https:\/\/logopaed.cz\/wp-content\/uploads\/2024\/11\/IMG_4728-1152x1536.jpg 1152w, https:\/\/logopaed.cz\/wp-content\/uploads\/2024\/11\/IMG_4728-1536x2048.jpg 1536w, https:\/\/logopaed.cz\/wp-content\/uploads\/2024\/11\/IMG_4728-scaled.jpg 1920w\" sizes=\"(max-width: 768px) 100vw, 768px\" \/><\/figure>\n<\/figure>\n<div class=\"gsp_post_data\" data-post_type=\"post\" data-cat=\"obecne,zs-logopedicka\" data-modified=\"120\" data-title=\"Den kucha\u0159\u016f a kucha\u0159ek\" data-home=\"https:\/\/logopaed.cz\/home\"><\/div>","protected":false},"excerpt":{"rendered":"<p>V pond\u011bl\u00ed 11. listopadu se na\u0161e \u0161kola zapojila do projektu&nbsp;Hrd\u00e1 \u0161kola&nbsp;a uspo\u0159\u00e1dala speci\u00e1ln\u00ed akci na oslavu a pod\u011bkov\u00e1n\u00ed na\u0161im skv\u011bl\u00fdm kucha\u0159k\u00e1m, kter\u00e9 ka\u017ed\u00fd den s l\u00e1skou p\u0159ipravuj\u00ed ob\u011bdy pro v\u0161echny \u017e\u00e1ky i u\u010ditele. \u017d\u00e1ci 1.\u20137. t\u0159\u00edd pom\u00e1hali \u0161kr\u00e1bat brambory na bramborovou ka\u0161i a mrkev na mrkvov\u00fd sal\u00e1t, zat\u00edmco star\u0161\u00ed d\u011bti z 8. a 9. ro\u010d. vyr\u00e1b\u011bly lahodn\u00e9 karban\u00e1tky. Spole\u010dn\u00fdmi silami vzniklo v\u00fdte\u010dn\u00e9 menu, kter\u00e9 si v\u0161ichni s radost\u00ed vychutnali \u2013 n\u011bkte\u0159\u00ed si dokonce chodili p\u0159idat! B\u011bhem v\u00fduky jsme t\u00e9ma brambor vyu\u017eili k u\u010den\u00ed \u2013 d\u011bti [&hellip;]<\/p>\n","protected":false},"author":15,"featured_media":4622,"comment_status":"closed","ping_status":"closed","sticky":false,"template":"","format":"standard","meta":[],"categories":[4,5],"tags":[],"post_folder":[],"blog_post_layout_featured_media_urls":{"thumbnail":["https:\/\/logopaed.cz\/wp-content\/uploads\/2024\/11\/IMG_4754-150x150.jpg",150,150,true],"full":["https:\/\/logopaed.cz\/wp-content\/uploads\/2024\/11\/IMG_4754-scaled.jpg",1920,2560,false]},"categories_names":{"4":{"name":"Obecn\u00e9","link":"https:\/\/logopaed.cz\/home\/category\/obecne\/"},"5":{"name":"Z\u00e1kladn\u00ed \u0161kola logopedick\u00e1","link":"https:\/\/logopaed.cz\/home\/category\/obecne\/zs-logopedicka\/"}},"tags_names":[],"comments_number":0,"_links":{"self":[{"href":"https:\/\/logopaed.cz\/home\/wp-json\/wp\/v2\/posts\/4616"}],"collection":[{"href":"https:\/\/logopaed.cz\/home\/wp-json\/wp\/v2\/posts"}],"about":[{"href":"https:\/\/logopaed.cz\/home\/wp-json\/wp\/v2\/types\/post"}],"author":[{"embeddable":true,"href":"https:\/\/logopaed.cz\/home\/wp-json\/wp\/v2\/users\/15"}],"replies":[{"embeddable":true,"href":"https:\/\/logopaed.cz\/home\/wp-json\/wp\/v2\/comments?post=4616"}],"version-history":[{"count":3,"href":"https:\/\/logopaed.cz\/home\/wp-json\/wp\/v2\/posts\/4616\/revisions"}],"predecessor-version":[{"id":4674,"href":"https:\/\/logopaed.cz\/home\/wp-json\/wp\/v2\/posts\/4616\/revisions\/4674"}],"wp:featuredmedia":[{"embeddable":true,"href":"https:\/\/logopaed.cz\/home\/wp-json\/wp\/v2\/media\/4622"}],"wp:attachment":[{"href":"https:\/\/logopaed.cz\/home\/wp-json\/wp\/v2\/media?parent=4616"}],"wp:term":[{"taxonomy":"category","embeddable":true,"href":"https:\/\/logopaed.cz\/home\/wp-json\/wp\/v2\/categories?post=4616"},{"taxonomy":"post_tag","embeddable":true,"href":"https:\/\/logopaed.cz\/home\/wp-json\/wp\/v2\/tags?post=4616"},{"taxonomy":"post_folder","embeddable":true,"href":"https:\/\/logopaed.cz\/home\/wp-json\/wp\/v2\/post_folder?post=4616"}],"curies":[{"name":"wp","href":"https:\/\/api.w.org\/{rel}","templated":true}]}}