{"id":4609,"date":"2024-11-15T09:30:38","date_gmt":"2024-11-15T09:30:38","guid":{"rendered":"https:\/\/logopaed.cz\/home\/?p=4609"},"modified":"2024-12-02T17:57:02","modified_gmt":"2024-12-02T17:57:02","slug":"novy-prirustek-zoo-koutku","status":"publish","type":"post","link":"https:\/\/logopaed.cz\/home\/obecne\/novy-prirustek-zoo-koutku\/","title":{"rendered":"Nov\u00fd p\u0159\u00edr\u016fstek zoo koutku"},"content":{"rendered":"\n<div class=\"wp-block-media-text alignwide is-stacked-on-mobile\"><figure class=\"wp-block-media-text__media\"><img decoding=\"async\" loading=\"lazy\" width=\"1024\" height=\"982\" src=\"https:\/\/logopaed.cz\/wp-content\/uploads\/2024\/11\/thumbnail_20241113_142524-1024x982.jpg\" alt=\"\" class=\"wp-image-4610 size-full\" srcset=\"https:\/\/logopaed.cz\/wp-content\/uploads\/2024\/11\/thumbnail_20241113_142524-1024x982.jpg 1024w, https:\/\/logopaed.cz\/wp-content\/uploads\/2024\/11\/thumbnail_20241113_142524-300x288.jpg 300w, https:\/\/logopaed.cz\/wp-content\/uploads\/2024\/11\/thumbnail_20241113_142524-768x736.jpg 768w, https:\/\/logopaed.cz\/wp-content\/uploads\/2024\/11\/thumbnail_20241113_142524-1536x1473.jpg 1536w, https:\/\/logopaed.cz\/wp-content\/uploads\/2024\/11\/thumbnail_20241113_142524.jpg 1718w\" sizes=\"(max-width: 1024px) 100vw, 1024px\" \/><\/figure><div class=\"wp-block-media-text__content\">\n<p>N\u00e1\u0161 \u0161koln\u00ed zoo koutek se rozrostl o nov\u00e9ho \u010dlena, a to k\u0159e\u010dka syrsk\u00e9ho. Mal\u00e9ho hlodavce daroval d\u011btem pan docent Martin Rul\u00edk, z\u00e1stupce Katedry ekologie a \u017eivotn\u00edho prost\u0159ed\u00ed v Olomouci. Mal\u00fd savec d\u011bti moc pot\u011b\u0161il. Dostal hned jm\u00e9no, Panda. H\u00e1dejte pro\u010d?<\/p>\n<\/div><\/div>\n<div class=\"gsp_post_data\" data-post_type=\"post\" data-cat=\"obecne,zs-logopedicka\" data-modified=\"120\" data-title=\"Nov\u00fd p\u0159\u00edr\u016fstek zoo koutku\" data-home=\"https:\/\/logopaed.cz\/home\"><\/div>","protected":false},"excerpt":{"rendered":"<p>N\u00e1\u0161 \u0161koln\u00ed zoo koutek se rozrostl o nov\u00e9ho \u010dlena, a to k\u0159e\u010dka syrsk\u00e9ho. Mal\u00e9ho hlodavce daroval d\u011btem pan docent Martin Rul\u00edk, z\u00e1stupce Katedry ekologie a \u017eivotn\u00edho prost\u0159ed\u00ed v Olomouci. Mal\u00fd savec d\u011bti moc pot\u011b\u0161il. Dostal hned jm\u00e9no, Panda. H\u00e1dejte pro\u010d?<\/p>\n","protected":false},"author":14,"featured_media":4611,"comment_status":"closed","ping_status":"closed","sticky":false,"template":"","format":"standard","meta":[],"categories":[4,5],"tags":[],"post_folder":[],"blog_post_layout_featured_media_urls":{"thumbnail":["https:\/\/logopaed.cz\/wp-content\/uploads\/2024\/11\/OIG2.eFSq1_-150x150.jpg",150,150,true],"full":["https:\/\/logopaed.cz\/wp-content\/uploads\/2024\/11\/OIG2.eFSq1_.jpg",1024,487,false]},"categories_names":{"4":{"name":"Obecn\u00e9","link":"https:\/\/logopaed.cz\/home\/category\/obecne\/"},"5":{"name":"Z\u00e1kladn\u00ed \u0161kola logopedick\u00e1","link":"https:\/\/logopaed.cz\/home\/category\/obecne\/zs-logopedicka\/"}},"tags_names":[],"comments_number":0,"_links":{"self":[{"href":"https:\/\/logopaed.cz\/home\/wp-json\/wp\/v2\/posts\/4609"}],"collection":[{"href":"https:\/\/logopaed.cz\/home\/wp-json\/wp\/v2\/posts"}],"about":[{"href":"https:\/\/logopaed.cz\/home\/wp-json\/wp\/v2\/types\/post"}],"author":[{"embeddable":true,"href":"https:\/\/logopaed.cz\/home\/wp-json\/wp\/v2\/users\/14"}],"replies":[{"embeddable":true,"href":"https:\/\/logopaed.cz\/home\/wp-json\/wp\/v2\/comments?post=4609"}],"version-history":[{"count":2,"href":"https:\/\/logopaed.cz\/home\/wp-json\/wp\/v2\/posts\/4609\/revisions"}],"predecessor-version":[{"id":4615,"href":"https:\/\/logopaed.cz\/home\/wp-json\/wp\/v2\/posts\/4609\/revisions\/4615"}],"wp:featuredmedia":[{"embeddable":true,"href":"https:\/\/logopaed.cz\/home\/wp-json\/wp\/v2\/media\/4611"}],"wp:attachment":[{"href":"https:\/\/logopaed.cz\/home\/wp-json\/wp\/v2\/media?parent=4609"}],"wp:term":[{"taxonomy":"category","embeddable":true,"href":"https:\/\/logopaed.cz\/home\/wp-json\/wp\/v2\/categories?post=4609"},{"taxonomy":"post_tag","embeddable":true,"href":"https:\/\/logopaed.cz\/home\/wp-json\/wp\/v2\/tags?post=4609"},{"taxonomy":"post_folder","embeddable":true,"href":"https:\/\/logopaed.cz\/home\/wp-json\/wp\/v2\/post_folder?post=4609"}],"curies":[{"name":"wp","href":"https:\/\/api.w.org\/{rel}","templated":true}]}}