{"id":4248,"date":"2024-08-28T11:10:42","date_gmt":"2024-08-28T11:10:42","guid":{"rendered":"https:\/\/logopaed.cz\/home\/?p=4248"},"modified":"2024-08-28T11:10:43","modified_gmt":"2024-08-28T11:10:43","slug":"1-skolni-den","status":"publish","type":"post","link":"https:\/\/logopaed.cz\/home\/obecne\/zs-logopedicka\/1-skolni-den\/","title":{"rendered":"1. \u0161koln\u00ed den"},"content":{"rendered":"\n<p>V <strong>pond\u011bl\u00ed 2. z\u00e1\u0159\u00ed 2024 <\/strong>za\u010d\u00edn\u00e1 vyu\u010dov\u00e1n\u00ed \u0161k. r. 2024\/2025. V <strong>8.00h <\/strong>p\u0159iv\u00edt\u00e1me \u017e\u00e1ky<strong> II. &#8211; IX. t\u0159\u00eddy<\/strong>, v<strong> 10.00h<\/strong> \u017e\u00e1ky<strong> I. t\u0159\u00edd<\/strong>. Intern\u00e1tn\u00ed \u017e\u00e1ci se mohou ubytovat od 7.30h na intern\u00e1t\u011b \u0161koly.<\/p>\n\n\n\n<p>Konec vyu\u010dov\u00e1n\u00ed pro v\u0161echny \u017e\u00e1ky pl\u00e1nujeme na 11h. V\u0161ichni \u017e\u00e1ci jsou p\u0159ihl\u00e1\u0161eni na ob\u011bd, po kter\u00e9m mohou odch\u00e1zet dom\u016f sami nebo v doprovodu rodi\u010d\u016f. \u017d\u00e1ky p\u0159ihl\u00e1\u0161en\u00e9 do \u0161koln\u00ed dru\u017einy si m\u016f\u017eete vyzvednout ihned po ob\u011bd\u011b nebo v \u010dase od 14.30 do 16.30h ze \u0160D.<\/p>\n<div class=\"gsp_post_data\" data-post_type=\"post\" data-cat=\"zs-logopedicka,skolni-druzina,internat\" data-modified=\"120\" data-title=\"1. \u0161koln\u00ed den\" data-home=\"https:\/\/logopaed.cz\/home\"><\/div>","protected":false},"excerpt":{"rendered":"<p>V pond\u011bl\u00ed 2. z\u00e1\u0159\u00ed 2024 za\u010d\u00edn\u00e1 vyu\u010dov\u00e1n\u00ed \u0161k. r. 2024\/2025. V 8.00h p\u0159iv\u00edt\u00e1me \u017e\u00e1ky II. &#8211; IX. t\u0159\u00eddy, v 10.00h \u017e\u00e1ky I. t\u0159\u00edd. Intern\u00e1tn\u00ed \u017e\u00e1ci se mohou ubytovat od 7.30h na intern\u00e1t\u011b \u0161koly. Konec vyu\u010dov\u00e1n\u00ed pro v\u0161echny \u017e\u00e1ky pl\u00e1nujeme na 11h. V\u0161ichni \u017e\u00e1ci jsou p\u0159ihl\u00e1\u0161eni na ob\u011bd, po kter\u00e9m mohou odch\u00e1zet dom\u016f sami nebo v doprovodu rodi\u010d\u016f. \u017d\u00e1ky p\u0159ihl\u00e1\u0161en\u00e9 do \u0161koln\u00ed dru\u017einy si m\u016f\u017eete vyzvednout ihned po ob\u011bd\u011b nebo v \u010dase od 14.30 do 16.30h ze \u0160D.<\/p>\n","protected":false},"author":6,"featured_media":0,"comment_status":"closed","ping_status":"closed","sticky":false,"template":"","format":"standard","meta":[],"categories":[5,43,44],"tags":[],"post_folder":[],"blog_post_layout_featured_media_urls":{"thumbnail":"","full":""},"categories_names":{"5":{"name":"Z\u00e1kladn\u00ed \u0161kola logopedick\u00e1","link":"https:\/\/logopaed.cz\/home\/category\/obecne\/zs-logopedicka\/"},"43":{"name":"\u0160koln\u00ed dru\u017eina","link":"https:\/\/logopaed.cz\/home\/category\/obecne\/skolni-druzina\/"},"44":{"name":"Intern\u00e1t","link":"https:\/\/logopaed.cz\/home\/category\/obecne\/internat\/"}},"tags_names":[],"comments_number":0,"_links":{"self":[{"href":"https:\/\/logopaed.cz\/home\/wp-json\/wp\/v2\/posts\/4248"}],"collection":[{"href":"https:\/\/logopaed.cz\/home\/wp-json\/wp\/v2\/posts"}],"about":[{"href":"https:\/\/logopaed.cz\/home\/wp-json\/wp\/v2\/types\/post"}],"author":[{"embeddable":true,"href":"https:\/\/logopaed.cz\/home\/wp-json\/wp\/v2\/users\/6"}],"replies":[{"embeddable":true,"href":"https:\/\/logopaed.cz\/home\/wp-json\/wp\/v2\/comments?post=4248"}],"version-history":[{"count":1,"href":"https:\/\/logopaed.cz\/home\/wp-json\/wp\/v2\/posts\/4248\/revisions"}],"predecessor-version":[{"id":4249,"href":"https:\/\/logopaed.cz\/home\/wp-json\/wp\/v2\/posts\/4248\/revisions\/4249"}],"wp:attachment":[{"href":"https:\/\/logopaed.cz\/home\/wp-json\/wp\/v2\/media?parent=4248"}],"wp:term":[{"taxonomy":"category","embeddable":true,"href":"https:\/\/logopaed.cz\/home\/wp-json\/wp\/v2\/categories?post=4248"},{"taxonomy":"post_tag","embeddable":true,"href":"https:\/\/logopaed.cz\/home\/wp-json\/wp\/v2\/tags?post=4248"},{"taxonomy":"post_folder","embeddable":true,"href":"https:\/\/logopaed.cz\/home\/wp-json\/wp\/v2\/post_folder?post=4248"}],"curies":[{"name":"wp","href":"https:\/\/api.w.org\/{rel}","templated":true}]}}