{"id":3972,"date":"2024-04-29T12:39:12","date_gmt":"2024-04-29T12:39:12","guid":{"rendered":"https:\/\/logopaed.cz\/home\/?p=3972"},"modified":"2024-04-29T12:39:13","modified_gmt":"2024-04-29T12:39:13","slug":"jarni-flora-olomouc-2","status":"publish","type":"post","link":"https:\/\/logopaed.cz\/home\/obecne\/materska-skola-mosnerova\/jarni-flora-olomouc-2\/","title":{"rendered":"Jarn\u00ed Flora Olomouc"},"content":{"rendered":"\n<p>Ka\u017ed\u00fdm rokem se vypravujeme s d\u011btmi zhl\u00e9dnout kr\u00e1su rozkvetl\u00fdch aran\u017e\u00ed na v\u00fdstavi\u0161t\u011b Flora. Letos neoby\u010dejn\u00e9, zaj\u00edmav\u00e9, poutav\u00e9. D\u011bti byly nad\u0161en\u00e9!<\/p>\n\n\n\n<figure class=\"wp-block-gallery has-nested-images columns-default is-cropped wp-block-gallery-1 is-layout-flex\">\n<figure class=\"wp-block-image size-large\"><img decoding=\"async\" loading=\"lazy\" width=\"768\" height=\"1024\" data-id=\"3974\"  src=\"https:\/\/logopaed.cz\/wp-content\/uploads\/2024\/04\/IMG-20240426-WA0003-768x1024.jpg\" alt=\"\" class=\"wp-image-3974\" srcset=\"https:\/\/logopaed.cz\/wp-content\/uploads\/2024\/04\/IMG-20240426-WA0003-768x1024.jpg 768w, https:\/\/logopaed.cz\/wp-content\/uploads\/2024\/04\/IMG-20240426-WA0003-225x300.jpg 225w, https:\/\/logopaed.cz\/wp-content\/uploads\/2024\/04\/IMG-20240426-WA0003-1152x1536.jpg 1152w, https:\/\/logopaed.cz\/wp-content\/uploads\/2024\/04\/IMG-20240426-WA0003.jpg 1200w\" sizes=\"(max-width: 768px) 100vw, 768px\" \/><\/figure>\n\n\n\n<figure class=\"wp-block-image size-large\"><img decoding=\"async\" loading=\"lazy\" width=\"768\" height=\"1024\" data-id=\"3976\"  src=\"https:\/\/logopaed.cz\/wp-content\/uploads\/2024\/04\/IMG-20240426-WA0005-768x1024.jpg\" alt=\"\" class=\"wp-image-3976\" srcset=\"https:\/\/logopaed.cz\/wp-content\/uploads\/2024\/04\/IMG-20240426-WA0005-768x1024.jpg 768w, https:\/\/logopaed.cz\/wp-content\/uploads\/2024\/04\/IMG-20240426-WA0005-225x300.jpg 225w, https:\/\/logopaed.cz\/wp-content\/uploads\/2024\/04\/IMG-20240426-WA0005-1152x1536.jpg 1152w, https:\/\/logopaed.cz\/wp-content\/uploads\/2024\/04\/IMG-20240426-WA0005.jpg 1536w\" sizes=\"(max-width: 768px) 100vw, 768px\" \/><\/figure>\n\n\n\n<figure class=\"wp-block-image size-large\"><img decoding=\"async\" loading=\"lazy\" width=\"768\" height=\"1024\" data-id=\"3979\"  src=\"https:\/\/logopaed.cz\/wp-content\/uploads\/2024\/04\/IMG-20240426-WA0007-768x1024.jpg\" alt=\"\" class=\"wp-image-3979\" srcset=\"https:\/\/logopaed.cz\/wp-content\/uploads\/2024\/04\/IMG-20240426-WA0007-768x1024.jpg 768w, https:\/\/logopaed.cz\/wp-content\/uploads\/2024\/04\/IMG-20240426-WA0007-225x300.jpg 225w, https:\/\/logopaed.cz\/wp-content\/uploads\/2024\/04\/IMG-20240426-WA0007-1152x1536.jpg 1152w, https:\/\/logopaed.cz\/wp-content\/uploads\/2024\/04\/IMG-20240426-WA0007.jpg 1536w\" sizes=\"(max-width: 768px) 100vw, 768px\" \/><\/figure>\n\n\n\n<figure class=\"wp-block-image size-large\"><img decoding=\"async\" loading=\"lazy\" width=\"1024\" height=\"768\" data-id=\"3977\"  src=\"https:\/\/logopaed.cz\/wp-content\/uploads\/2024\/04\/IMG-20240426-WA0017-1024x768.jpg\" alt=\"\" class=\"wp-image-3977\" srcset=\"https:\/\/logopaed.cz\/wp-content\/uploads\/2024\/04\/IMG-20240426-WA0017-1024x768.jpg 1024w, https:\/\/logopaed.cz\/wp-content\/uploads\/2024\/04\/IMG-20240426-WA0017-300x225.jpg 300w, https:\/\/logopaed.cz\/wp-content\/uploads\/2024\/04\/IMG-20240426-WA0017-768x576.jpg 768w, https:\/\/logopaed.cz\/wp-content\/uploads\/2024\/04\/IMG-20240426-WA0017-1536x1152.jpg 1536w, https:\/\/logopaed.cz\/wp-content\/uploads\/2024\/04\/IMG-20240426-WA0017.jpg 2048w\" sizes=\"(max-width: 1024px) 100vw, 1024px\" \/><\/figure>\n\n\n\n<figure class=\"wp-block-image size-large\"><img decoding=\"async\" loading=\"lazy\" width=\"768\" height=\"1024\" data-id=\"3978\"  src=\"https:\/\/logopaed.cz\/wp-content\/uploads\/2024\/04\/IMG-20240426-WA0023-768x1024.jpg\" alt=\"\" class=\"wp-image-3978\" srcset=\"https:\/\/logopaed.cz\/wp-content\/uploads\/2024\/04\/IMG-20240426-WA0023-768x1024.jpg 768w, https:\/\/logopaed.cz\/wp-content\/uploads\/2024\/04\/IMG-20240426-WA0023-225x300.jpg 225w, https:\/\/logopaed.cz\/wp-content\/uploads\/2024\/04\/IMG-20240426-WA0023-1152x1536.jpg 1152w, https:\/\/logopaed.cz\/wp-content\/uploads\/2024\/04\/IMG-20240426-WA0023.jpg 1200w\" sizes=\"(max-width: 768px) 100vw, 768px\" \/><\/figure>\n\n\n\n<figure class=\"wp-block-image size-large\"><img decoding=\"async\" loading=\"lazy\" width=\"1024\" height=\"768\" data-id=\"3973\"  src=\"https:\/\/logopaed.cz\/wp-content\/uploads\/2024\/04\/IMG-20240426-WA0029-1024x768.jpg\" alt=\"\" class=\"wp-image-3973\" srcset=\"https:\/\/logopaed.cz\/wp-content\/uploads\/2024\/04\/IMG-20240426-WA0029-1024x768.jpg 1024w, https:\/\/logopaed.cz\/wp-content\/uploads\/2024\/04\/IMG-20240426-WA0029-300x225.jpg 300w, https:\/\/logopaed.cz\/wp-content\/uploads\/2024\/04\/IMG-20240426-WA0029-768x576.jpg 768w, https:\/\/logopaed.cz\/wp-content\/uploads\/2024\/04\/IMG-20240426-WA0029-1536x1152.jpg 1536w, https:\/\/logopaed.cz\/wp-content\/uploads\/2024\/04\/IMG-20240426-WA0029.jpg 1600w\" sizes=\"(max-width: 1024px) 100vw, 1024px\" \/><\/figure>\n<\/figure>\n<div class=\"gsp_post_data\" data-post_type=\"post\" data-cat=\"materska-skola-mosnerova\" data-modified=\"120\" data-title=\"Jarn\u00ed Flora Olomouc\" data-home=\"https:\/\/logopaed.cz\/home\"><\/div>","protected":false},"excerpt":{"rendered":"<p>Ka\u017ed\u00fdm rokem se vypravujeme s d\u011btmi zhl\u00e9dnout kr\u00e1su rozkvetl\u00fdch aran\u017e\u00ed na v\u00fdstavi\u0161t\u011b Flora. Letos neoby\u010dejn\u00e9, zaj\u00edmav\u00e9, poutav\u00e9. D\u011bti byly nad\u0161en\u00e9!<\/p>\n","protected":false},"author":17,"featured_media":3976,"comment_status":"closed","ping_status":"closed","sticky":false,"template":"","format":"standard","meta":[],"categories":[8],"tags":[],"post_folder":[],"blog_post_layout_featured_media_urls":{"thumbnail":["https:\/\/logopaed.cz\/wp-content\/uploads\/2024\/04\/IMG-20240426-WA0005-150x150.jpg",150,150,true],"full":["https:\/\/logopaed.cz\/wp-content\/uploads\/2024\/04\/IMG-20240426-WA0005.jpg",1536,2048,false]},"categories_names":{"8":{"name":"Mate\u0159sk\u00e1 \u0161kola Mo\u0161nerova","link":"https:\/\/logopaed.cz\/home\/category\/obecne\/materska-skola-mosnerova\/"}},"tags_names":[],"comments_number":0,"_links":{"self":[{"href":"https:\/\/logopaed.cz\/home\/wp-json\/wp\/v2\/posts\/3972"}],"collection":[{"href":"https:\/\/logopaed.cz\/home\/wp-json\/wp\/v2\/posts"}],"about":[{"href":"https:\/\/logopaed.cz\/home\/wp-json\/wp\/v2\/types\/post"}],"author":[{"embeddable":true,"href":"https:\/\/logopaed.cz\/home\/wp-json\/wp\/v2\/users\/17"}],"replies":[{"embeddable":true,"href":"https:\/\/logopaed.cz\/home\/wp-json\/wp\/v2\/comments?post=3972"}],"version-history":[{"count":2,"href":"https:\/\/logopaed.cz\/home\/wp-json\/wp\/v2\/posts\/3972\/revisions"}],"predecessor-version":[{"id":3984,"href":"https:\/\/logopaed.cz\/home\/wp-json\/wp\/v2\/posts\/3972\/revisions\/3984"}],"wp:featuredmedia":[{"embeddable":true,"href":"https:\/\/logopaed.cz\/home\/wp-json\/wp\/v2\/media\/3976"}],"wp:attachment":[{"href":"https:\/\/logopaed.cz\/home\/wp-json\/wp\/v2\/media?parent=3972"}],"wp:term":[{"taxonomy":"category","embeddable":true,"href":"https:\/\/logopaed.cz\/home\/wp-json\/wp\/v2\/categories?post=3972"},{"taxonomy":"post_tag","embeddable":true,"href":"https:\/\/logopaed.cz\/home\/wp-json\/wp\/v2\/tags?post=3972"},{"taxonomy":"post_folder","embeddable":true,"href":"https:\/\/logopaed.cz\/home\/wp-json\/wp\/v2\/post_folder?post=3972"}],"curies":[{"name":"wp","href":"https:\/\/api.w.org\/{rel}","templated":true}]}}