{"id":3958,"date":"2024-04-19T07:26:47","date_gmt":"2024-04-19T07:26:47","guid":{"rendered":"https:\/\/logopaed.cz\/home\/?p=3958"},"modified":"2024-04-19T07:37:57","modified_gmt":"2024-04-19T07:37:57","slug":"dny-otevrenych-dveri","status":"publish","type":"post","link":"https:\/\/logopaed.cz\/home\/obecne\/zs-logopedicka\/dny-otevrenych-dveri\/","title":{"rendered":"Dny otev\u0159en\u00fdch dve\u0159\u00ed"},"content":{"rendered":"\n<p><strong>2. 5<\/strong>. a <strong>3. 5.<\/strong> zveme v\u0161echny rodi\u010de, prarodi\u010de, p\u0159\u00e1tele, p\u0159\u00edznivce na\u0161\u00ed mate\u0159sk\u00e9 i z\u00e1kladn\u00ed \u0161koly logopedick\u00e9 <br>a mate\u0159sk\u00e9 \u0161koly Mo\u0161nerova na n\u00e1v\u0161t\u011bvu. Ve<strong> \u010dtvrtek 2. 5. od 9.00 do 11.00h<\/strong> se na v\u00e1s t\u011b\u0161\u00edme v <strong>mate\u0159sk\u00e9 \u0161kole logopedick\u00e9<\/strong> a <strong>mate\u0159sk\u00e9 \u0161kole Mo\u0161nerova<\/strong> a odpoledne<strong> od 15.00 do 17.00h<\/strong> ve<strong> \u0161koln\u00ed dru\u017ein\u011b <\/strong>a<strong> intern\u00e1t\u011b <\/strong>\u0161koly. <br>V <strong>p\u00e1tek 3. 5. od 9.00 do 11.00h <\/strong>v\u00e1s p\u0159iv\u00edtaj\u00ed u\u010ditel\u00e9 a \u017e\u00e1c<strong>i z\u00e1kladn\u00ed \u0161koly logopedick\u00e9<\/strong>.<\/p>\n\n\n\n<p>Pros\u00edm, p\u0159ijm\u011bte pozv\u00e1n\u00ed.<\/p>\n\n\n\n<p><\/p>\n<div class=\"gsp_post_data\" data-post_type=\"post\" data-cat=\"zs-logopedicka,ms-logopedicka,materska-skola-mosnerova,skolni-druzina,internat\" data-modified=\"120\" data-title=\"Dny otev\u0159en\u00fdch dve\u0159\u00ed\" data-home=\"https:\/\/logopaed.cz\/home\"><\/div>","protected":false},"excerpt":{"rendered":"<p>2. 5. a 3. 5. zveme v\u0161echny rodi\u010de, prarodi\u010de, p\u0159\u00e1tele, p\u0159\u00edznivce na\u0161\u00ed mate\u0159sk\u00e9 i z\u00e1kladn\u00ed \u0161koly logopedick\u00e9 a mate\u0159sk\u00e9 \u0161koly Mo\u0161nerova na n\u00e1v\u0161t\u011bvu. Ve \u010dtvrtek 2. 5. od 9.00 do 11.00h se na v\u00e1s t\u011b\u0161\u00edme v mate\u0159sk\u00e9 \u0161kole logopedick\u00e9 a mate\u0159sk\u00e9 \u0161kole Mo\u0161nerova a odpoledne od 15.00 do 17.00h ve \u0161koln\u00ed dru\u017ein\u011b a intern\u00e1t\u011b \u0161koly. V p\u00e1tek 3. 5. od 9.00 do 11.00h v\u00e1s p\u0159iv\u00edtaj\u00ed u\u010ditel\u00e9 a \u017e\u00e1ci z\u00e1kladn\u00ed \u0161koly logopedick\u00e9. Pros\u00edm, p\u0159ijm\u011bte pozv\u00e1n\u00ed.<\/p>\n","protected":false},"author":6,"featured_media":3955,"comment_status":"closed","ping_status":"closed","sticky":false,"template":"","format":"standard","meta":[],"categories":[5,6,8,43,44],"tags":[],"post_folder":[],"blog_post_layout_featured_media_urls":{"thumbnail":["https:\/\/logopaed.cz\/wp-content\/uploads\/2024\/04\/pozvanka-e1713512719892-150x150.jpg",150,150,true],"full":["https:\/\/logopaed.cz\/wp-content\/uploads\/2024\/04\/pozvanka-e1713512719892.jpg",724,1024,false]},"categories_names":{"5":{"name":"Z\u00e1kladn\u00ed \u0161kola logopedick\u00e1","link":"https:\/\/logopaed.cz\/home\/category\/obecne\/zs-logopedicka\/"},"6":{"name":"Mate\u0159sk\u00e1 \u0161kola logopedick\u00e1","link":"https:\/\/logopaed.cz\/home\/category\/obecne\/ms-logopedicka\/"},"8":{"name":"Mate\u0159sk\u00e1 \u0161kola Mo\u0161nerova","link":"https:\/\/logopaed.cz\/home\/category\/obecne\/materska-skola-mosnerova\/"},"43":{"name":"\u0160koln\u00ed dru\u017eina","link":"https:\/\/logopaed.cz\/home\/category\/obecne\/skolni-druzina\/"},"44":{"name":"Intern\u00e1t","link":"https:\/\/logopaed.cz\/home\/category\/obecne\/internat\/"}},"tags_names":[],"comments_number":0,"_links":{"self":[{"href":"https:\/\/logopaed.cz\/home\/wp-json\/wp\/v2\/posts\/3958"}],"collection":[{"href":"https:\/\/logopaed.cz\/home\/wp-json\/wp\/v2\/posts"}],"about":[{"href":"https:\/\/logopaed.cz\/home\/wp-json\/wp\/v2\/types\/post"}],"author":[{"embeddable":true,"href":"https:\/\/logopaed.cz\/home\/wp-json\/wp\/v2\/users\/6"}],"replies":[{"embeddable":true,"href":"https:\/\/logopaed.cz\/home\/wp-json\/wp\/v2\/comments?post=3958"}],"version-history":[{"count":1,"href":"https:\/\/logopaed.cz\/home\/wp-json\/wp\/v2\/posts\/3958\/revisions"}],"predecessor-version":[{"id":3959,"href":"https:\/\/logopaed.cz\/home\/wp-json\/wp\/v2\/posts\/3958\/revisions\/3959"}],"wp:featuredmedia":[{"embeddable":true,"href":"https:\/\/logopaed.cz\/home\/wp-json\/wp\/v2\/media\/3955"}],"wp:attachment":[{"href":"https:\/\/logopaed.cz\/home\/wp-json\/wp\/v2\/media?parent=3958"}],"wp:term":[{"taxonomy":"category","embeddable":true,"href":"https:\/\/logopaed.cz\/home\/wp-json\/wp\/v2\/categories?post=3958"},{"taxonomy":"post_tag","embeddable":true,"href":"https:\/\/logopaed.cz\/home\/wp-json\/wp\/v2\/tags?post=3958"},{"taxonomy":"post_folder","embeddable":true,"href":"https:\/\/logopaed.cz\/home\/wp-json\/wp\/v2\/post_folder?post=3958"}],"curies":[{"name":"wp","href":"https:\/\/api.w.org\/{rel}","templated":true}]}}