{"id":3818,"date":"2024-04-04T09:26:30","date_gmt":"2024-04-04T09:26:30","guid":{"rendered":"https:\/\/logopaed.cz\/home\/?p=3818"},"modified":"2025-02-15T14:13:32","modified_gmt":"2025-02-15T14:13:32","slug":"oceneni","status":"publish","type":"post","link":"https:\/\/logopaed.cz\/home\/obecne\/zs-logopedicka\/oceneni\/","title":{"rendered":"Ocen\u011bn\u00ed"},"content":{"rendered":"\n<p>Pan u\u010ditel Mgr. Petr N\u011bmec z\u00edskal v\u00fdznamn\u00e9 ocen\u011bn\u00ed U\u010ditel roku Olomouck\u00e9ho kraje. Gratulujeme!<\/p>\n\n\n\n<figure class=\"wp-block-gallery has-nested-images columns-default is-cropped wp-block-gallery-1 is-layout-flex\">\n<figure class=\"wp-block-image size-large\"><img decoding=\"async\" loading=\"lazy\" width=\"1024\" height=\"1016\" data-id=\"3819\"  src=\"https:\/\/logopaed.cz\/wp-content\/uploads\/2024\/04\/20240403_151501-1024x1016.jpg\" alt=\"\" class=\"wp-image-3819\" srcset=\"https:\/\/logopaed.cz\/wp-content\/uploads\/2024\/04\/20240403_151501-1024x1016.jpg 1024w, https:\/\/logopaed.cz\/wp-content\/uploads\/2024\/04\/20240403_151501-300x298.jpg 300w, https:\/\/logopaed.cz\/wp-content\/uploads\/2024\/04\/20240403_151501-150x150.jpg 150w, https:\/\/logopaed.cz\/wp-content\/uploads\/2024\/04\/20240403_151501-768x762.jpg 768w, https:\/\/logopaed.cz\/wp-content\/uploads\/2024\/04\/20240403_151501-1536x1523.jpg 1536w, https:\/\/logopaed.cz\/wp-content\/uploads\/2024\/04\/20240403_151501-2048x2031.jpg 2048w\" sizes=\"(max-width: 1024px) 100vw, 1024px\" \/><\/figure>\n<\/figure>\n\n\n\n<p><\/p>\n\n\n\n<p><strong><a href=\"https:\/\/www.youtube.com\/watch?v=_wHklHaUEH8&amp;list=PLt79MeVhoLJKrd5UfefrGDvQZlJfXs2Ou\" data-type=\"URL\" data-id=\"https:\/\/www.youtube.com\/watch?v=_wHklHaUEH8&amp;list=PLt79MeVhoLJKrd5UfefrGDvQZlJfXs2Ou\">video<\/a><\/strong><\/p>\n<div class=\"gsp_post_data\" data-post_type=\"post\" data-cat=\"zs-logopedicka,internat\" data-modified=\"120\" data-title=\"Ocen\u011bn\u00ed\" data-home=\"https:\/\/logopaed.cz\/home\"><\/div>","protected":false},"excerpt":{"rendered":"<p>Pan u\u010ditel Mgr. Petr N\u011bmec z\u00edskal v\u00fdznamn\u00e9 ocen\u011bn\u00ed U\u010ditel roku Olomouck\u00e9ho kraje. Gratulujeme! video<\/p>\n","protected":false},"author":6,"featured_media":3820,"comment_status":"closed","ping_status":"closed","sticky":false,"template":"","format":"standard","meta":[],"categories":[5,44],"tags":[],"post_folder":[],"blog_post_layout_featured_media_urls":{"thumbnail":["https:\/\/logopaed.cz\/wp-content\/uploads\/2024\/04\/20240403_151601-150x150.jpg",150,150,true],"full":["https:\/\/logopaed.cz\/wp-content\/uploads\/2024\/04\/20240403_151601-scaled.jpg",1441,2560,false]},"categories_names":{"5":{"name":"Z\u00e1kladn\u00ed \u0161kola logopedick\u00e1","link":"https:\/\/logopaed.cz\/home\/category\/obecne\/zs-logopedicka\/"},"44":{"name":"Intern\u00e1t","link":"https:\/\/logopaed.cz\/home\/category\/obecne\/internat\/"}},"tags_names":[],"comments_number":0,"_links":{"self":[{"href":"https:\/\/logopaed.cz\/home\/wp-json\/wp\/v2\/posts\/3818"}],"collection":[{"href":"https:\/\/logopaed.cz\/home\/wp-json\/wp\/v2\/posts"}],"about":[{"href":"https:\/\/logopaed.cz\/home\/wp-json\/wp\/v2\/types\/post"}],"author":[{"embeddable":true,"href":"https:\/\/logopaed.cz\/home\/wp-json\/wp\/v2\/users\/6"}],"replies":[{"embeddable":true,"href":"https:\/\/logopaed.cz\/home\/wp-json\/wp\/v2\/comments?post=3818"}],"version-history":[{"count":3,"href":"https:\/\/logopaed.cz\/home\/wp-json\/wp\/v2\/posts\/3818\/revisions"}],"predecessor-version":[{"id":5023,"href":"https:\/\/logopaed.cz\/home\/wp-json\/wp\/v2\/posts\/3818\/revisions\/5023"}],"wp:featuredmedia":[{"embeddable":true,"href":"https:\/\/logopaed.cz\/home\/wp-json\/wp\/v2\/media\/3820"}],"wp:attachment":[{"href":"https:\/\/logopaed.cz\/home\/wp-json\/wp\/v2\/media?parent=3818"}],"wp:term":[{"taxonomy":"category","embeddable":true,"href":"https:\/\/logopaed.cz\/home\/wp-json\/wp\/v2\/categories?post=3818"},{"taxonomy":"post_tag","embeddable":true,"href":"https:\/\/logopaed.cz\/home\/wp-json\/wp\/v2\/tags?post=3818"},{"taxonomy":"post_folder","embeddable":true,"href":"https:\/\/logopaed.cz\/home\/wp-json\/wp\/v2\/post_folder?post=3818"}],"curies":[{"name":"wp","href":"https:\/\/api.w.org\/{rel}","templated":true}]}}