{"id":2681,"date":"2023-04-11T08:50:12","date_gmt":"2023-04-11T08:50:12","guid":{"rendered":"https:\/\/logopaed.cz\/home\/?p=2681"},"modified":"2023-04-11T08:50:13","modified_gmt":"2023-04-11T08:50:13","slug":"uklidme-cesko","status":"publish","type":"post","link":"https:\/\/logopaed.cz\/home\/obecne\/materska-skola-mosnerova\/uklidme-cesko\/","title":{"rendered":"Ukli\u010fme \u010cesko"},"content":{"rendered":"\n<p>V&nbsp;p\u00e1tek 31. 3. 2023 prob\u011bhla v&nbsp;na\u0161\u00ed \u0161kolce akce UKLI\u010eME \u010cESKO. &nbsp;Tuto akci jsme si trochu p\u0159izp\u016fsobily, uklidily jsme s&nbsp;d\u011btmi odpadky na \u0161kolkov\u00e9 zahrad\u011b a v&nbsp;okol\u00ed mate\u0159sk\u00e9 \u0161koly v&nbsp;r\u00e1mci proch\u00e1zky. N\u011bkter\u00e9 z&nbsp;d\u011bt\u00ed si tak\u00e9 zkusily t\u0159\u00eddit odpad do p\u0159\u00edslu\u0161n\u00fdch kontejner\u016f. Akce se vyda\u0159ila a my v\u0161ichni jsme z&nbsp;n\u00ed m\u011bli dobr\u00fd pocit, \u017ee jsme ud\u011blali n\u011bco u\u017eite\u010dn\u00e9ho pro p\u0159\u00edrodu.<\/p>\n\n\n\n<p>U\u010ditelky M\u0160 Mo\u0161nerova.<\/p>\n<div class=\"gsp_post_data\" data-post_type=\"post\" data-cat=\"materska-skola-mosnerova\" data-modified=\"120\" data-title=\"Ukli\u010fme \u010cesko\" data-home=\"https:\/\/logopaed.cz\/home\"><\/div>","protected":false},"excerpt":{"rendered":"<p>V&nbsp;p\u00e1tek 31. 3. 2023 prob\u011bhla v&nbsp;na\u0161\u00ed \u0161kolce akce UKLI\u010eME \u010cESKO. &nbsp;Tuto akci jsme si trochu p\u0159izp\u016fsobily, uklidily jsme s&nbsp;d\u011btmi odpadky na \u0161kolkov\u00e9 zahrad\u011b a v&nbsp;okol\u00ed mate\u0159sk\u00e9 \u0161koly v&nbsp;r\u00e1mci proch\u00e1zky. N\u011bkter\u00e9 z&nbsp;d\u011bt\u00ed si tak\u00e9 zkusily t\u0159\u00eddit odpad do p\u0159\u00edslu\u0161n\u00fdch kontejner\u016f. Akce se vyda\u0159ila a my v\u0161ichni jsme z&nbsp;n\u00ed m\u011bli dobr\u00fd pocit, \u017ee jsme ud\u011blali n\u011bco u\u017eite\u010dn\u00e9ho pro p\u0159\u00edrodu. U\u010ditelky M\u0160 Mo\u0161nerova.<\/p>\n","protected":false},"author":17,"featured_media":2682,"comment_status":"closed","ping_status":"closed","sticky":false,"template":"","format":"standard","meta":[],"categories":[8],"tags":[],"post_folder":[],"blog_post_layout_featured_media_urls":{"thumbnail":["https:\/\/logopaed.cz\/wp-content\/uploads\/2023\/04\/IMG-20230331-WA0003-150x150.jpg",150,150,true],"full":["https:\/\/logopaed.cz\/wp-content\/uploads\/2023\/04\/IMG-20230331-WA0003.jpg",2048,1536,false]},"categories_names":{"8":{"name":"Mate\u0159sk\u00e1 \u0161kola Mo\u0161nerova","link":"https:\/\/logopaed.cz\/home\/category\/obecne\/materska-skola-mosnerova\/"}},"tags_names":[],"comments_number":0,"_links":{"self":[{"href":"https:\/\/logopaed.cz\/home\/wp-json\/wp\/v2\/posts\/2681"}],"collection":[{"href":"https:\/\/logopaed.cz\/home\/wp-json\/wp\/v2\/posts"}],"about":[{"href":"https:\/\/logopaed.cz\/home\/wp-json\/wp\/v2\/types\/post"}],"author":[{"embeddable":true,"href":"https:\/\/logopaed.cz\/home\/wp-json\/wp\/v2\/users\/17"}],"replies":[{"embeddable":true,"href":"https:\/\/logopaed.cz\/home\/wp-json\/wp\/v2\/comments?post=2681"}],"version-history":[{"count":1,"href":"https:\/\/logopaed.cz\/home\/wp-json\/wp\/v2\/posts\/2681\/revisions"}],"predecessor-version":[{"id":2683,"href":"https:\/\/logopaed.cz\/home\/wp-json\/wp\/v2\/posts\/2681\/revisions\/2683"}],"wp:featuredmedia":[{"embeddable":true,"href":"https:\/\/logopaed.cz\/home\/wp-json\/wp\/v2\/media\/2682"}],"wp:attachment":[{"href":"https:\/\/logopaed.cz\/home\/wp-json\/wp\/v2\/media?parent=2681"}],"wp:term":[{"taxonomy":"category","embeddable":true,"href":"https:\/\/logopaed.cz\/home\/wp-json\/wp\/v2\/categories?post=2681"},{"taxonomy":"post_tag","embeddable":true,"href":"https:\/\/logopaed.cz\/home\/wp-json\/wp\/v2\/tags?post=2681"},{"taxonomy":"post_folder","embeddable":true,"href":"https:\/\/logopaed.cz\/home\/wp-json\/wp\/v2\/post_folder?post=2681"}],"curies":[{"name":"wp","href":"https:\/\/api.w.org\/{rel}","templated":true}]}}