{"id":1974,"date":"2022-10-14T09:16:59","date_gmt":"2022-10-14T09:16:59","guid":{"rendered":"http:\/\/logopaed.cz\/home\/?p=1974"},"modified":"2022-10-14T09:17:00","modified_gmt":"2022-10-14T09:17:00","slug":"podzimni-flora-olomouc","status":"publish","type":"post","link":"https:\/\/logopaed.cz\/home\/obecne\/materska-skola-mosnerova\/podzimni-flora-olomouc\/","title":{"rendered":"Podzimn\u00ed Flora Olomouc"},"content":{"rendered":"\n<p>30. z\u00e1\u0159\u00ed jsme, jako ka\u017ed\u00fdm rokem, nav\u0161t\u00edvili s d\u011btmi podzimn\u00ed v\u00fdstavu Flora Olomouc. Pro\u0161li jsme se s d\u011btmi od \u0161kolky a\u017e na v\u00fdstavi\u0161t\u011b, ochutnali jabl\u00ed\u010dka a mo\u0161t a nadechli se kr\u00e1sn\u00e9 v\u016fn\u011b podzimn\u00ed sklizn\u011b.<\/p>\n<div class=\"gsp_post_data\" data-post_type=\"post\" data-cat=\"materska-skola-mosnerova\" data-modified=\"120\" data-title=\"Podzimn\u00ed Flora Olomouc\" data-home=\"https:\/\/logopaed.cz\/home\"><\/div>","protected":false},"excerpt":{"rendered":"<p>30. z\u00e1\u0159\u00ed jsme, jako ka\u017ed\u00fdm rokem, nav\u0161t\u00edvili s d\u011btmi podzimn\u00ed v\u00fdstavu Flora Olomouc. Pro\u0161li jsme se s d\u011btmi od \u0161kolky a\u017e na v\u00fdstavi\u0161t\u011b, ochutnali jabl\u00ed\u010dka a mo\u0161t a nadechli se kr\u00e1sn\u00e9 v\u016fn\u011b podzimn\u00ed sklizn\u011b.<\/p>\n","protected":false},"author":17,"featured_media":1961,"comment_status":"closed","ping_status":"closed","sticky":false,"template":"","format":"standard","meta":[],"categories":[8],"tags":[],"post_folder":[],"blog_post_layout_featured_media_urls":{"thumbnail":["https:\/\/logopaed.cz\/wp-content\/uploads\/2022\/10\/DSC09037-150x150.jpg",150,150,true],"full":["https:\/\/logopaed.cz\/wp-content\/uploads\/2022\/10\/DSC09037-scaled.jpg",2560,1920,false]},"categories_names":{"8":{"name":"Mate\u0159sk\u00e1 \u0161kola Mo\u0161nerova","link":"https:\/\/logopaed.cz\/home\/category\/obecne\/materska-skola-mosnerova\/"}},"tags_names":[],"comments_number":0,"_links":{"self":[{"href":"https:\/\/logopaed.cz\/home\/wp-json\/wp\/v2\/posts\/1974"}],"collection":[{"href":"https:\/\/logopaed.cz\/home\/wp-json\/wp\/v2\/posts"}],"about":[{"href":"https:\/\/logopaed.cz\/home\/wp-json\/wp\/v2\/types\/post"}],"author":[{"embeddable":true,"href":"https:\/\/logopaed.cz\/home\/wp-json\/wp\/v2\/users\/17"}],"replies":[{"embeddable":true,"href":"https:\/\/logopaed.cz\/home\/wp-json\/wp\/v2\/comments?post=1974"}],"version-history":[{"count":1,"href":"https:\/\/logopaed.cz\/home\/wp-json\/wp\/v2\/posts\/1974\/revisions"}],"predecessor-version":[{"id":1978,"href":"https:\/\/logopaed.cz\/home\/wp-json\/wp\/v2\/posts\/1974\/revisions\/1978"}],"wp:featuredmedia":[{"embeddable":true,"href":"https:\/\/logopaed.cz\/home\/wp-json\/wp\/v2\/media\/1961"}],"wp:attachment":[{"href":"https:\/\/logopaed.cz\/home\/wp-json\/wp\/v2\/media?parent=1974"}],"wp:term":[{"taxonomy":"category","embeddable":true,"href":"https:\/\/logopaed.cz\/home\/wp-json\/wp\/v2\/categories?post=1974"},{"taxonomy":"post_tag","embeddable":true,"href":"https:\/\/logopaed.cz\/home\/wp-json\/wp\/v2\/tags?post=1974"},{"taxonomy":"post_folder","embeddable":true,"href":"https:\/\/logopaed.cz\/home\/wp-json\/wp\/v2\/post_folder?post=1974"}],"curies":[{"name":"wp","href":"https:\/\/api.w.org\/{rel}","templated":true}]}}