{"id":1965,"date":"2022-10-14T09:17:23","date_gmt":"2022-10-14T09:17:23","guid":{"rendered":"http:\/\/logopaed.cz\/home\/?p=1965"},"modified":"2022-10-14T09:17:24","modified_gmt":"2022-10-14T09:17:24","slug":"oslavy-lesa-na-flore","status":"publish","type":"post","link":"https:\/\/logopaed.cz\/home\/obecne\/ms-logopedicka\/oslavy-lesa-na-flore\/","title":{"rendered":"Oslavy lesa na Flo\u0159e"},"content":{"rendered":"\n<div class=\"wp-block-media-text alignwide is-stacked-on-mobile\" style=\"grid-template-columns:38% auto\"><figure class=\"wp-block-media-text__media\"><img decoding=\"async\" loading=\"lazy\" width=\"768\" height=\"1024\" src=\"http:\/\/logopaed.cz\/wp-content\/uploads\/2022\/10\/DSC09137-768x1024.jpg\" alt=\"\" class=\"wp-image-1967 size-full\" srcset=\"https:\/\/logopaed.cz\/wp-content\/uploads\/2022\/10\/DSC09137-768x1024.jpg 768w, https:\/\/logopaed.cz\/wp-content\/uploads\/2022\/10\/DSC09137-225x300.jpg 225w, https:\/\/logopaed.cz\/wp-content\/uploads\/2022\/10\/DSC09137-1152x1536.jpg 1152w, https:\/\/logopaed.cz\/wp-content\/uploads\/2022\/10\/DSC09137-1536x2048.jpg 1536w, https:\/\/logopaed.cz\/wp-content\/uploads\/2022\/10\/DSC09137-scaled.jpg 1920w\" sizes=\"(max-width: 768px) 100vw, 768px\" \/><\/figure><div class=\"wp-block-media-text__content\">\n<p>V p\u00e1tek 30. 9. 2022 jsme se z\u00fa\u010dastnili projektu &#8222;Oslavy lesa  na Flo\u0159e&#8220;. Program na jednotliv\u00fdch stanovi\u0161t\u00edch byl bohat\u00fd a d\u011btem a pan\u00ed u\u010ditelk\u00e1m se velmi l\u00edbil.<\/p>\n<\/div><\/div>\n\n\n\n<figure class=\"wp-block-image size-large is-resized\"><img decoding=\"async\" loading=\"lazy\" src=\"http:\/\/logopaed.cz\/wp-content\/uploads\/2022\/10\/DSC09166-768x1024.jpg\" alt=\"\" class=\"wp-image-1968\" width=\"422\" height=\"563\" srcset=\"https:\/\/logopaed.cz\/wp-content\/uploads\/2022\/10\/DSC09166-768x1024.jpg 768w, https:\/\/logopaed.cz\/wp-content\/uploads\/2022\/10\/DSC09166-225x300.jpg 225w, https:\/\/logopaed.cz\/wp-content\/uploads\/2022\/10\/DSC09166-1152x1536.jpg 1152w, https:\/\/logopaed.cz\/wp-content\/uploads\/2022\/10\/DSC09166-1536x2048.jpg 1536w, https:\/\/logopaed.cz\/wp-content\/uploads\/2022\/10\/DSC09166-scaled.jpg 1920w\" sizes=\"(max-width: 422px) 100vw, 422px\" \/><\/figure>\n<div class=\"gsp_post_data\" data-post_type=\"post\" data-cat=\"ms-logopedicka\" data-modified=\"120\" data-title=\"Oslavy lesa na Flo\u0159e\" data-home=\"https:\/\/logopaed.cz\/home\"><\/div>","protected":false},"excerpt":{"rendered":"<p>V p\u00e1tek 30. 9. 2022 jsme se z\u00fa\u010dastnili projektu &#8222;Oslavy lesa na Flo\u0159e&#8220;. Program na jednotliv\u00fdch stanovi\u0161t\u00edch byl bohat\u00fd a d\u011btem a pan\u00ed u\u010ditelk\u00e1m se velmi l\u00edbil.<\/p>\n","protected":false},"author":10,"featured_media":1966,"comment_status":"closed","ping_status":"closed","sticky":false,"template":"","format":"standard","meta":[],"categories":[6],"tags":[],"post_folder":[],"blog_post_layout_featured_media_urls":{"thumbnail":["https:\/\/logopaed.cz\/wp-content\/uploads\/2022\/10\/DSC09189-150x150.jpg",150,150,true],"full":["https:\/\/logopaed.cz\/wp-content\/uploads\/2022\/10\/DSC09189-scaled.jpg",2560,1920,false]},"categories_names":{"6":{"name":"Mate\u0159sk\u00e1 \u0161kola logopedick\u00e1","link":"https:\/\/logopaed.cz\/home\/category\/obecne\/ms-logopedicka\/"}},"tags_names":[],"comments_number":0,"_links":{"self":[{"href":"https:\/\/logopaed.cz\/home\/wp-json\/wp\/v2\/posts\/1965"}],"collection":[{"href":"https:\/\/logopaed.cz\/home\/wp-json\/wp\/v2\/posts"}],"about":[{"href":"https:\/\/logopaed.cz\/home\/wp-json\/wp\/v2\/types\/post"}],"author":[{"embeddable":true,"href":"https:\/\/logopaed.cz\/home\/wp-json\/wp\/v2\/users\/10"}],"replies":[{"embeddable":true,"href":"https:\/\/logopaed.cz\/home\/wp-json\/wp\/v2\/comments?post=1965"}],"version-history":[{"count":2,"href":"https:\/\/logopaed.cz\/home\/wp-json\/wp\/v2\/posts\/1965\/revisions"}],"predecessor-version":[{"id":2003,"href":"https:\/\/logopaed.cz\/home\/wp-json\/wp\/v2\/posts\/1965\/revisions\/2003"}],"wp:featuredmedia":[{"embeddable":true,"href":"https:\/\/logopaed.cz\/home\/wp-json\/wp\/v2\/media\/1966"}],"wp:attachment":[{"href":"https:\/\/logopaed.cz\/home\/wp-json\/wp\/v2\/media?parent=1965"}],"wp:term":[{"taxonomy":"category","embeddable":true,"href":"https:\/\/logopaed.cz\/home\/wp-json\/wp\/v2\/categories?post=1965"},{"taxonomy":"post_tag","embeddable":true,"href":"https:\/\/logopaed.cz\/home\/wp-json\/wp\/v2\/tags?post=1965"},{"taxonomy":"post_folder","embeddable":true,"href":"https:\/\/logopaed.cz\/home\/wp-json\/wp\/v2\/post_folder?post=1965"}],"curies":[{"name":"wp","href":"https:\/\/api.w.org\/{rel}","templated":true}]}}