{"id":1622,"date":"2022-09-13T17:14:00","date_gmt":"2022-09-13T17:14:00","guid":{"rendered":"http:\/\/logopaed.cz\/home\/?p=1622"},"modified":"2022-10-03T17:32:39","modified_gmt":"2022-10-03T17:32:39","slug":"zoo-svaty-kopecek","status":"publish","type":"post","link":"https:\/\/logopaed.cz\/home\/obecne\/zoo-svaty-kopecek\/","title":{"rendered":"ZOO Svat\u00fd Kope\u010dek"},"content":{"rendered":"\n<div class=\"wp-block-media-text alignwide is-stacked-on-mobile\" style=\"grid-template-columns:33% auto\"><figure class=\"wp-block-media-text__media\"><img decoding=\"async\" loading=\"lazy\" width=\"1024\" height=\"768\" src=\"http:\/\/logopaed.cz\/wp-content\/uploads\/2022\/09\/DSC08651-1024x768.jpg\" alt=\"\" class=\"wp-image-1623 size-full\" srcset=\"https:\/\/logopaed.cz\/wp-content\/uploads\/2022\/09\/DSC08651-1024x768.jpg 1024w, https:\/\/logopaed.cz\/wp-content\/uploads\/2022\/09\/DSC08651-300x225.jpg 300w, https:\/\/logopaed.cz\/wp-content\/uploads\/2022\/09\/DSC08651-768x576.jpg 768w, https:\/\/logopaed.cz\/wp-content\/uploads\/2022\/09\/DSC08651-1536x1152.jpg 1536w, https:\/\/logopaed.cz\/wp-content\/uploads\/2022\/09\/DSC08651-2048x1536.jpg 2048w\" sizes=\"(max-width: 1024px) 100vw, 1024px\" \/><\/figure><div class=\"wp-block-media-text__content\">\n<p>Dne 13. 9. 2022 jsme nav\u0161t\u00edvili ZOO OLOMOUC. Bylo kr\u00e1sn\u00e9 slune\u010dn\u00e9 po\u010das\u00ed a d\u011btem se v ZOO velmi l\u00edbilo.<\/p>\n<\/div><\/div>\n<div class=\"gsp_post_data\" data-post_type=\"post\" data-cat=\"obecne,ms-logopedicka\" data-modified=\"120\" data-title=\"ZOO Svat\u00fd Kope\u010dek\" data-home=\"https:\/\/logopaed.cz\/home\"><\/div>","protected":false},"excerpt":{"rendered":"<p>Dne 13. 9. 2022 jsme nav\u0161t\u00edvili ZOO OLOMOUC. Bylo kr\u00e1sn\u00e9 slune\u010dn\u00e9 po\u010das\u00ed a d\u011btem se v ZOO velmi l\u00edbilo.<\/p>\n","protected":false},"author":10,"featured_media":1625,"comment_status":"open","ping_status":"open","sticky":false,"template":"","format":"standard","meta":[],"categories":[4,6],"tags":[],"post_folder":[],"blog_post_layout_featured_media_urls":{"thumbnail":["https:\/\/logopaed.cz\/wp-content\/uploads\/2022\/09\/DSC08622-150x150.jpg",150,150,true],"full":["https:\/\/logopaed.cz\/wp-content\/uploads\/2022\/09\/DSC08622-scaled.jpg",2560,1920,false]},"categories_names":{"4":{"name":"Obecn\u00e9","link":"https:\/\/logopaed.cz\/home\/category\/obecne\/"},"6":{"name":"Mate\u0159sk\u00e1 \u0161kola logopedick\u00e1","link":"https:\/\/logopaed.cz\/home\/category\/obecne\/ms-logopedicka\/"}},"tags_names":[],"comments_number":0,"_links":{"self":[{"href":"https:\/\/logopaed.cz\/home\/wp-json\/wp\/v2\/posts\/1622"}],"collection":[{"href":"https:\/\/logopaed.cz\/home\/wp-json\/wp\/v2\/posts"}],"about":[{"href":"https:\/\/logopaed.cz\/home\/wp-json\/wp\/v2\/types\/post"}],"author":[{"embeddable":true,"href":"https:\/\/logopaed.cz\/home\/wp-json\/wp\/v2\/users\/10"}],"replies":[{"embeddable":true,"href":"https:\/\/logopaed.cz\/home\/wp-json\/wp\/v2\/comments?post=1622"}],"version-history":[{"count":2,"href":"https:\/\/logopaed.cz\/home\/wp-json\/wp\/v2\/posts\/1622\/revisions"}],"predecessor-version":[{"id":1928,"href":"https:\/\/logopaed.cz\/home\/wp-json\/wp\/v2\/posts\/1622\/revisions\/1928"}],"wp:featuredmedia":[{"embeddable":true,"href":"https:\/\/logopaed.cz\/home\/wp-json\/wp\/v2\/media\/1625"}],"wp:attachment":[{"href":"https:\/\/logopaed.cz\/home\/wp-json\/wp\/v2\/media?parent=1622"}],"wp:term":[{"taxonomy":"category","embeddable":true,"href":"https:\/\/logopaed.cz\/home\/wp-json\/wp\/v2\/categories?post=1622"},{"taxonomy":"post_tag","embeddable":true,"href":"https:\/\/logopaed.cz\/home\/wp-json\/wp\/v2\/tags?post=1622"},{"taxonomy":"post_folder","embeddable":true,"href":"https:\/\/logopaed.cz\/home\/wp-json\/wp\/v2\/post_folder?post=1622"}],"curies":[{"name":"wp","href":"https:\/\/api.w.org\/{rel}","templated":true}]}}