{"id":1139,"date":"2022-08-28T15:54:09","date_gmt":"2022-08-28T15:54:09","guid":{"rendered":"http:\/\/logopaed.cz\/home\/?p=1139"},"modified":"2022-10-31T12:52:51","modified_gmt":"2022-10-31T12:52:51","slug":"informacni-schuzka-pro-rodice","status":"publish","type":"post","link":"https:\/\/logopaed.cz\/home\/obecne\/ms-logopedicka\/informacni-schuzka-pro-rodice\/","title":{"rendered":"Informa\u010dn\u00ed sch\u016fzka pro rodi\u010de"},"content":{"rendered":"\n<p>Ve \u010dtvrtek 1.9. 2022 v 15:00 hodin se uskute\u010dn\u00ed informa\u010dn\u00ed sch\u016fzka pro rodi\u010de d\u011bt\u00ed z mate\u0159sk\u00e9 \u0161koly. Hl\u00edd\u00e1n\u00ed d\u011bt\u00ed zaji\u0161t\u011bno ve vedlej\u0161\u00ed t\u0159\u00edd\u011b M\u0160. T\u011b\u0161\u00edme se na v\u00e1s&#8230;.<\/p>\n<div class=\"gsp_post_data\" data-post_type=\"post\" data-cat=\"ms-logopedicka\" data-modified=\"120\" data-title=\"Informa\u010dn\u00ed sch\u016fzka pro rodi\u010de\" data-home=\"https:\/\/logopaed.cz\/home\"><\/div>","protected":false},"excerpt":{"rendered":"<p>Ve \u010dtvrtek 1.9. 2022 v 15:00 hodin se uskute\u010dn\u00ed informa\u010dn\u00ed sch\u016fzka pro rodi\u010de d\u011bt\u00ed z mate\u0159sk\u00e9 \u0161koly. Hl\u00edd\u00e1n\u00ed d\u011bt\u00ed zaji\u0161t\u011bno ve vedlej\u0161\u00ed t\u0159\u00edd\u011b M\u0160. T\u011b\u0161\u00edme se na v\u00e1s&#8230;.<\/p>\n","protected":false},"author":3,"featured_media":1225,"comment_status":"open","ping_status":"open","sticky":false,"template":"","format":"standard","meta":[],"categories":[6],"tags":[],"post_folder":[],"blog_post_layout_featured_media_urls":{"thumbnail":["https:\/\/logopaed.cz\/wp-content\/uploads\/2022\/08\/U-2ST-BG-09-150x150.jpg",150,150,true],"full":["https:\/\/logopaed.cz\/wp-content\/uploads\/2022\/08\/U-2ST-BG-09-scaled.jpg",2560,1707,false]},"categories_names":{"6":{"name":"Mate\u0159sk\u00e1 \u0161kola logopedick\u00e1","link":"https:\/\/logopaed.cz\/home\/category\/obecne\/ms-logopedicka\/"}},"tags_names":[],"comments_number":0,"_links":{"self":[{"href":"https:\/\/logopaed.cz\/home\/wp-json\/wp\/v2\/posts\/1139"}],"collection":[{"href":"https:\/\/logopaed.cz\/home\/wp-json\/wp\/v2\/posts"}],"about":[{"href":"https:\/\/logopaed.cz\/home\/wp-json\/wp\/v2\/types\/post"}],"author":[{"embeddable":true,"href":"https:\/\/logopaed.cz\/home\/wp-json\/wp\/v2\/users\/3"}],"replies":[{"embeddable":true,"href":"https:\/\/logopaed.cz\/home\/wp-json\/wp\/v2\/comments?post=1139"}],"version-history":[{"count":1,"href":"https:\/\/logopaed.cz\/home\/wp-json\/wp\/v2\/posts\/1139\/revisions"}],"predecessor-version":[{"id":1140,"href":"https:\/\/logopaed.cz\/home\/wp-json\/wp\/v2\/posts\/1139\/revisions\/1140"}],"wp:featuredmedia":[{"embeddable":true,"href":"https:\/\/logopaed.cz\/home\/wp-json\/wp\/v2\/media\/1225"}],"wp:attachment":[{"href":"https:\/\/logopaed.cz\/home\/wp-json\/wp\/v2\/media?parent=1139"}],"wp:term":[{"taxonomy":"category","embeddable":true,"href":"https:\/\/logopaed.cz\/home\/wp-json\/wp\/v2\/categories?post=1139"},{"taxonomy":"post_tag","embeddable":true,"href":"https:\/\/logopaed.cz\/home\/wp-json\/wp\/v2\/tags?post=1139"},{"taxonomy":"post_folder","embeddable":true,"href":"https:\/\/logopaed.cz\/home\/wp-json\/wp\/v2\/post_folder?post=1139"}],"curies":[{"name":"wp","href":"https:\/\/api.w.org\/{rel}","templated":true}]}}